{"id":3423,"date":"2024-09-17T17:54:25","date_gmt":"2024-09-17T15:54:25","guid":{"rendered":"https:\/\/fojo.se\/faktajouren\/?p=3423"},"modified":"2026-02-24T11:59:35","modified_gmt":"2026-02-24T10:59:35","slug":"konspirationsteoriers-framvaxt-media-och-det-offentliga-samtalet","status":"publish","type":"post","link":"https:\/\/fojo.se\/verify\/konspirationsteoriers-framvaxt-media-och-det-offentliga-samtalet\/","title":{"rendered":"Konspirationsteoriers framv\u00e4xt, media och det offentliga samtalet\u00a0"},"content":{"rendered":"\n<p><strong>Hej Andreas! Din nya bok <em>Konspirationsteorier. Meningsskapande ber\u00e4ttelser i historia och nutid<\/em> har precis kommit ut. Hur k\u00e4nns det?&nbsp;<\/strong><br>&#8211; Det k\u00e4nns fantastiskt, och lite overkligt. Arbetet med boken har p\u00e5g\u00e5tt i \u00f6ver tv\u00e5 \u00e5r, s\u00e5 det \u00e4r lite tomt nu n\u00e4r den \u00e4ntligen \u00e4r klar. Men jag \u00e4r v\u00e4ldigt n\u00f6jd med resultatet.&nbsp;<\/p>\n\n\n\n<p><strong>Vad motiverade dig att skriva en bok om konspirationsteorier?<\/strong>&nbsp;<br>&#8211; Jag har forskat l\u00e4nge om radikalisering och hur konspirationsteorier bidrar till radikalisering, s\u00e4rskilt internationellt. Det har skrivits en hel del om detta p\u00e5 engelska, men i Sverige har forskningsomr\u00e5det varit ganska smalt. Jag ville bidra med ett standardverk p\u00e5 svenska f\u00f6r att belysa \u00e4mnet ur ett nordiskt perspektiv.&nbsp;<\/p>\n\n\n\n<p><strong>I bokens titel skriver du &#8221;meningsskapande ber\u00e4ttelser&#8221;. \u00c4r det ett annat ord f\u00f6r konspirationsteorier?<\/strong>&nbsp;<br>&#8211; Ja, till viss del. M\u00e4nniskor s\u00f6ker f\u00f6rklaringar, s\u00e4rskilt vid stora, dramatiska h\u00e4ndelser. N\u00e4r n\u00e5got kollektivt och traumatiskt intr\u00e4ffar, som Estonias f\u00f6rlisning eller mordet p\u00e5 Olof Palme, vill vi f\u00f6rst\u00e5 varf\u00f6r det h\u00e4nde. Det \u00e4r h\u00e4r konspirationsteorier kommer in \u2013 de hj\u00e4lper oss att skapa en f\u00f6rklaring, \u00e4ven om den ofta \u00e4r felaktig eller manipulerad.&nbsp;<\/p>\n\n\n\n<p><strong>I boken sp\u00e5rar du konspirationsteorier tillbaka till franska revolutionen. Vad \u00e4r sambandet?<\/strong>&nbsp;<br>&#8211; Franska revolutionen var en omv\u00e4lvande politisk h\u00e4ndelse som ritade om Europas karta. Efter\u00e5t uppstod teorier om att hemliga s\u00e4llskap, som Illuminati, l\u00e5g bakom revolutionen. Dessa tidiga teorier har format m\u00e5nga av de m\u00f6nster vi ser i moderna konspirationsteorier, d\u00e4r en &#8221;dold agenda&#8221; ofta misst\u00e4nks ligga bakom politiska och sociala omv\u00e4lvningar. De&nbsp;blir en slags politisk myt. &nbsp;<\/p>\n\n\n\n<p><strong>Kan vi s\u00e4ga att konspirationsteorier uppst\u00e5r ur r\u00e4dsla?<\/strong>&nbsp;<br>&#8211; Absolut. R\u00e4dsla f\u00f6r det ok\u00e4nda och f\u00f6rlorad kontroll \u00e4r centrala drivkrafter. I os\u00e4kra tider, som efter katastrofer eller kriser, s\u00f6ker m\u00e4nniskor f\u00f6rklaringar som erbjuder n\u00e5gon form av trygghet, \u00e4ven om det inneb\u00e4r att skylla p\u00e5 en utpekad &#8221;fiende&#8221;.&nbsp;<\/p>\n\n\n\n<p><strong>Hur kan journalister hantera och rapportera om konspirationsteorier utan att f\u00f6rst\u00e4rka dem?<\/strong>&nbsp;<br>&#8211; Det \u00e4r en sv\u00e5r balansg\u00e5ng. En journalist b\u00f6r alltid \u00f6verv\u00e4ga nyhetsv\u00e4rdet innan man publicerar en artikel om personer eller grupper som tror p\u00e5 konspirationsteorier. Ett viktigt r\u00e5d \u00e4r att inte framst\u00e4lla dessa personer som avvikande \u2013 det kan f\u00f6rst\u00e4rka k\u00e4nslan av vi-och-dem. Bilds\u00e4ttningen \u00e4r ocks\u00e5 avg\u00f6rande; att undvika karikatyrliknande&nbsp;eller sensationella bilder kan g\u00f6ra mycket f\u00f6r att undvika att bidra till polarisering.&nbsp;<\/p>\n\n\n\n<p><strong>Vilken roll spelar media i att forma allm\u00e4nhetens syn p\u00e5 konspirationsteorier?<\/strong>&nbsp;<br>&#8211; Media har en enorm makt i att forma hur vi ser p\u00e5 dessa teorier. Det \u00e4r viktigt att journalister f\u00f6rst\u00e5r att de kan f\u00f6rst\u00e4rka en vi-och-dem mentalitet om de inte \u00e4r f\u00f6rsiktiga. Samtidigt b\u00f6r de vara noga med att inte slentrianm\u00e4ssigt anv\u00e4nda begreppet konspirationsteori, s\u00e4rskilt i kontexter d\u00e4r det inte h\u00f6r hemma eftersom det kan bidra till att sprida falska uppfattningar om samh\u00e4llsviktiga fr\u00e5gor.&nbsp;&nbsp;<\/p>\n\n\n\n<p><strong>Hur kan media b\u00e4ttre bem\u00f6ta konspirationsteorier och skapa ett mer konstruktivt samtal?<\/strong>&nbsp;<br>&#8211; Ist\u00e4llet f\u00f6r att fokusera p\u00e5 de mest extrema uttrycken, skulle media kunna unders\u00f6ka de underliggande samh\u00e4llsproblemen som driver m\u00e4nniskor till att tro p\u00e5 dessa teorier. Media borde st\u00e4lla fr\u00e5gor om varf\u00f6r vissa forskningsomr\u00e5den \u00e4r underfinansierade eller varf\u00f6r politiska beslut fattas p\u00e5 ett visst s\u00e4tt ist\u00e4llet f\u00f6r att debattera ytliga fr\u00e5gor, som &#8221;politisk korrekthet&#8221; p\u00e5 universiteten, som nyligen skett. &nbsp;<\/p>\n\n\n\n<p><strong>Hur ser du p\u00e5 medias ansvar i att fr\u00e4mja ett \u00f6ppet och faktabaserat offentligt samtal?<\/strong>&nbsp;<br>&#8211; Det \u00e4r avg\u00f6rande. Media m\u00e5ste v\u00e5ga g\u00e5 bortom de enkla l\u00f6sningarna och hj\u00e4lpa till att h\u00e5lla samtalet faktabaserat. Det handlar inte bara om att sl\u00e5 ner p\u00e5 felaktigheter, utan ocks\u00e5 om att f\u00f6rst\u00e5 de verkliga problem som driver m\u00e4nniskor till att s\u00f6ka sig till konspirationsteorier.&nbsp;<\/p>\n\n\n\n<p><strong>Vem hoppas du ska l\u00e4sa din bok?<\/strong>\u00a0<br>&#8211; Jag hoppas att den n\u00e5r ut till en bred allm\u00e4nhet, men s\u00e4rskilt journalister eftersom boken har skrivits parallellt med de hundratals samtal som jag har haft med journalister under flera \u00e5r. De spelar en nyckelroll i det offentliga samtalet och har, som jag ser det, en stor m\u00f6jlighet att p\u00e5verka hur vi f\u00f6rst\u00e5r och bem\u00f6ter konspirationsteorier. \u00a0<\/p>\n\n\n\n<p><strong>Slutligen, hur kan journalister hj\u00e4lpa till att f\u00f6rhindra spridningen av konspirationsteorier?<\/strong>&nbsp;<br>&#8211; Genom att fr\u00e4mja ett mer kritiskt och reflekterande offentligt samtal. Genom att st\u00e4lla r\u00e4tt fr\u00e5gor och lyfta upp de samh\u00e4llsfrustrationer som driver m\u00e4nniskor till konspirationsteorier s\u00e5 att vi kan f\u00f6rhindra att dessa f\u00e5r f\u00e4ste. Det handlar om att lyfta fram de verkliga problemen och skapa en f\u00f6rst\u00e5else f\u00f6r varf\u00f6r vissa teorier uppst\u00e5r, utan att f\u00f6rst\u00e4rka de falska ber\u00e4ttelserna.&nbsp;<\/p>\n\n\n\n<p><a href=\"https:\/\/nordicacademicpress.se\/product\/konspirationsteorier\/\" target=\"_blank\" rel=\"noopener\">Mer information om boken och hur du f\u00e5r tag p\u00e5 den hittar du hos Nordic Academic Press. <\/a><\/p>\n\n\n\n<p>H\u00f6r Andreas \u00d6nnerfors samtala med Mina Dennert om ber\u00e4ttelser och sammansv\u00e4rjningar i historia och nutid, med utg\u00e5ngspunkt i boken, under Bokm\u00e4ssan i G\u00f6teborg. <a href=\"https:\/\/bokmassan.se\/programs\/konspirationer-berattelser-om-sammansvarjningar-i-historia-och-nutid\/\" target=\"_blank\" rel=\"noopener\">Samtalet \u00e4ger rum s\u00f6ndagen den 29 september p\u00e5 yttrandefrihetsscenen. <\/a><\/p>\n\n\n\n<p><\/p>\n","protected":false},"excerpt":{"rendered":"<p>Intervju med Andreas \u00d6nnerfors, f\u00f6rfattare till boken Konspirationsteorier. Meningsskapande ber\u00e4ttelser i historia och nutid. <\/p>\n","protected":false},"author":7,"featured_media":3427,"comment_status":"closed","ping_status":"closed","sticky":false,"template":"","format":"standard","meta":{"_monsterinsights_skip_tracking":false,"_monsterinsights_sitenote_active":false,"_monsterinsights_sitenote_note":"","_monsterinsights_sitenote_category":0,"footnotes":""},"categories":[18],"tags":[],"class_list":["post-3423","post","type-post","status-publish","format-standard","has-post-thumbnail","hentry","category-fordjupning"],"_links":{"self":[{"href":"https:\/\/fojo.se\/verify\/wp-json\/wp\/v2\/posts\/3423","targetHints":{"allow":["GET"]}}],"collection":[{"href":"https:\/\/fojo.se\/verify\/wp-json\/wp\/v2\/posts"}],"about":[{"href":"https:\/\/fojo.se\/verify\/wp-json\/wp\/v2\/types\/post"}],"author":[{"embeddable":true,"href":"https:\/\/fojo.se\/verify\/wp-json\/wp\/v2\/users\/7"}],"replies":[{"embeddable":true,"href":"https:\/\/fojo.se\/verify\/wp-json\/wp\/v2\/comments?post=3423"}],"version-history":[{"count":11,"href":"https:\/\/fojo.se\/verify\/wp-json\/wp\/v2\/posts\/3423\/revisions"}],"predecessor-version":[{"id":3443,"href":"https:\/\/fojo.se\/verify\/wp-json\/wp\/v2\/posts\/3423\/revisions\/3443"}],"wp:featuredmedia":[{"embeddable":true,"href":"https:\/\/fojo.se\/verify\/wp-json\/wp\/v2\/media\/3427"}],"wp:attachment":[{"href":"https:\/\/fojo.se\/verify\/wp-json\/wp\/v2\/media?parent=3423"}],"wp:term":[{"taxonomy":"category","embeddable":true,"href":"https:\/\/fojo.se\/verify\/wp-json\/wp\/v2\/categories?post=3423"},{"taxonomy":"post_tag","embeddable":true,"href":"https:\/\/fojo.se\/verify\/wp-json\/wp\/v2\/tags?post=3423"}],"curies":[{"name":"wp","href":"https:\/\/api.w.org\/{rel}","templated":true}]}}