{"id":3306,"date":"2024-06-13T12:24:31","date_gmt":"2024-06-13T10:24:31","guid":{"rendered":"https:\/\/fojo.se\/faktajouren\/?p=3306"},"modified":"2026-02-24T11:46:50","modified_gmt":"2026-02-24T10:46:50","slug":"makt-och-vanmakt-en-intervju-med-goran-rosenberg-om-de-stora-onlineplattformarna","status":"publish","type":"post","link":"https:\/\/fojo.se\/verify\/makt-och-vanmakt-en-intervju-med-goran-rosenberg-om-de-stora-onlineplattformarna\/","title":{"rendered":"Makt och vanmakt \u2013 intervju om de stora onlineplattformarna\u00a0\u00a0"},"content":{"rendered":"\n<p>(Intervjun genomf\u00f6rdes 13 juni 2024.)&nbsp;&nbsp;<\/p>\n\n\n\n<p><strong>2023 kom <a href=\"s Digital Services Act (DSA)\" target=\"_blank\" rel=\"noreferrer noopener\">EU:s Digital Services Act (DSA)<\/a> som skall reglera monopolst\u00e4llningen Very Large Online Platforms (VLOP:s) i v\u00e5rt samtida informationslandskap, b\u00e5de i deras roll att sprida och att tillhandah\u00e5lla information.<\/strong><\/p>\n\n\n\n<p><strong>G\u00f6ran Rosenberg har under de senaste veckorna drabbats av plattformen Metas outgrundliga (algoritmdrivna) inskr\u00e4nkningar, vilket han skrev om i <a href=\"https:\/\/www.expressen.se\/kultur\/goran-rosenberg\/facebook-tar-bort-mina-inlagg-ett-efter-ett\/\" target=\"_blank\" rel=\"noreferrer noopener\"><em>Expressen<\/em><\/a>. H\u00e4ndelsen aktualiserar att p\u00e5 ett \u00f6vergripande plan diskutera akt\u00f6rernas makt och brukarnas vanmakt, i synnerhet att f\u00e5 transparenta och rimliga f\u00f6rklaringar till avpubliceringar.&nbsp;<\/strong><\/p>\n\n\n\n<p><strong>Kan du kort ber\u00e4tta vad du har drabbats av under de senaste veckorna?\u00a0\u00a0<\/strong><br><strong>&#8211; <\/strong>Fr\u00e5n och med den 6 juni [2024] tar FB bort alla poster som l\u00e4nkar till min hemsida, www.rosenberg.se, dvs till artiklar och bokutdrag som jag vill dela till mina v\u00e4nner och f\u00f6ljare p\u00e5 FB. Jag uppt\u00e4ckte ocks\u00e5 att utrensningen var retroaktiv, dvs att texter som delats l\u00e5ngt tidigare ocks\u00e5 f\u00f6rsvann. F\u00f6r varje borttagning fick jag ett automatgenererat meddelade fr\u00e5n FB om att posten hade klassats som \u201dskr\u00e4ppost\u201d. Detta forts\u00e4tter i skrivande stund. Alla l\u00e4nkar till min hemsida rensas blixtsnabbt bort oavsett vem det \u00e4r som delar dem.\u00a0\u00a0<\/p>\n\n\n\n<p><strong> Dina f\u00f6rs\u00f6k att f\u00e5 kontakt med Meta har hittills varit fruktl\u00f6sa, eller? Hur tycker du en plattform som Meta f\u00f6rvaltar sin monopolst\u00e4llning i f\u00f6rh\u00e5llande till oss som vill publicera och dela material?\u00a0\u00a0<\/strong><br><strong>&#8211; <\/strong>Efter snart 10 dagar [sedan den 6\/6 2024] har jag inte f\u00e5tt n\u00e5got svar fr\u00e5n Meta. Inga svenska myndigheter eller medier har heller visat sig intresserade av att utreda saken vidare (d\u00e4remot norska medier), trots att jag anstr\u00e4ngt mig f\u00f6r att dokumentera det hela dag f\u00f6r dag. Det som nog uppr\u00f6r mig mest \u00e4r att Meta tycks ha tagit bort alla m\u00e4nskliga mellanh\u00e4nder i sin modererings- och kontrollverksamhet. Det betyder att den som f\u00f6rst\u00e5r sig p\u00e5 att manipulera Metas algoritmer, exempelvis genom AI-botar eller liknande, kan f\u00e5 stort genomslag. Det enda s\u00e4ttet att \u201dkomma till tals\u201d med Meta \u00e4r att fylla i ett digitalt formul\u00e4r d\u00e4r man uppmanas f\u00f6rklara varf\u00f6r posten borde f\u00e5 vara kvar, dvs omv\u00e4nd bevisf\u00f6ring, den anklagade m\u00e5ste bevisa sin oskuld ist\u00e4llet f\u00f6r att den som anklagar m\u00e5ste bevisa skuld. Det sj\u00e4lvklara hade annars varit att Meta lade in en m\u00e4nsklig kontrollstation mellan algoritmerna och en eventuell reaktion.\u00a0<\/p>\n\n\n\n<p><strong>Efter det du har varit med om \u2013 p\u00e5 vilket s\u00e4tt tycker du att statliga akt\u00f6rer lika mycket som vi medborgare b\u00f6r bem\u00f6ta VLOP:s makt?\u00a0<\/strong><br><strong>&#8211; <\/strong>Det h\u00e4r \u00e4r alldeles uppenbart en fr\u00e5ga f\u00f6r statliga och \u00f6verstatliga akt\u00f6rer att ta itu med. P\u00e5 n\u00e5gra decennier har ofattbar makt \u00f6ver kommunikation och opinion lagts i h\u00e4nderna p\u00e5 allt m\u00e4ktigare privata akt\u00f6rer. Det \u00e4r en makt som l\u00e4tt kan manipuleras och missbrukas. Demokratins f\u00f6rsvagning i land efter land tror jag i stor utstr\u00e4ckning \u00e4r en f\u00f6ljd av detta.\u00a0<\/p>\n","protected":false},"excerpt":{"rendered":"<p>En intervju om akt\u00f6rernas makt och brukarnas vanmakt. <\/p>\n","protected":false},"author":6,"featured_media":3308,"comment_status":"closed","ping_status":"closed","sticky":false,"template":"","format":"standard","meta":{"_monsterinsights_skip_tracking":false,"_monsterinsights_sitenote_active":false,"_monsterinsights_sitenote_note":"","_monsterinsights_sitenote_category":0,"footnotes":""},"categories":[18],"tags":[],"class_list":["post-3306","post","type-post","status-publish","format-standard","has-post-thumbnail","hentry","category-fordjupning"],"_links":{"self":[{"href":"https:\/\/fojo.se\/verify\/wp-json\/wp\/v2\/posts\/3306","targetHints":{"allow":["GET"]}}],"collection":[{"href":"https:\/\/fojo.se\/verify\/wp-json\/wp\/v2\/posts"}],"about":[{"href":"https:\/\/fojo.se\/verify\/wp-json\/wp\/v2\/types\/post"}],"author":[{"embeddable":true,"href":"https:\/\/fojo.se\/verify\/wp-json\/wp\/v2\/users\/6"}],"replies":[{"embeddable":true,"href":"https:\/\/fojo.se\/verify\/wp-json\/wp\/v2\/comments?post=3306"}],"version-history":[{"count":10,"href":"https:\/\/fojo.se\/verify\/wp-json\/wp\/v2\/posts\/3306\/revisions"}],"predecessor-version":[{"id":3593,"href":"https:\/\/fojo.se\/verify\/wp-json\/wp\/v2\/posts\/3306\/revisions\/3593"}],"wp:featuredmedia":[{"embeddable":true,"href":"https:\/\/fojo.se\/verify\/wp-json\/wp\/v2\/media\/3308"}],"wp:attachment":[{"href":"https:\/\/fojo.se\/verify\/wp-json\/wp\/v2\/media?parent=3306"}],"wp:term":[{"taxonomy":"category","embeddable":true,"href":"https:\/\/fojo.se\/verify\/wp-json\/wp\/v2\/categories?post=3306"},{"taxonomy":"post_tag","embeddable":true,"href":"https:\/\/fojo.se\/verify\/wp-json\/wp\/v2\/tags?post=3306"}],"curies":[{"name":"wp","href":"https:\/\/api.w.org\/{rel}","templated":true}]}}