{"id":2371,"date":"2023-02-14T17:10:26","date_gmt":"2023-02-14T16:10:26","guid":{"rendered":"https:\/\/fojo.se\/faktajouren\/?p=2371"},"modified":"2026-02-24T11:48:33","modified_gmt":"2026-02-24T10:48:33","slug":"omstridd-teologisk-doktorsavhandling-ronte-stor-medial-uppmarksamhet","status":"publish","type":"post","link":"https:\/\/fojo.se\/verify\/omstridd-teologisk-doktorsavhandling-ronte-stor-medial-uppmarksamhet\/","title":{"rendered":"Omstridd teologisk doktorsavhandling r\u00f6nte stor medial uppm\u00e4rksamhet"},"content":{"rendered":"\t\t<div data-elementor-type=\"wp-post\" data-elementor-id=\"2371\" class=\"elementor elementor-2371\" data-elementor-post-type=\"post\">\n\t\t\t\t<div class=\"elementor-element elementor-element-16974fcc e-flex e-con-boxed e-con e-parent\" data-id=\"16974fcc\" data-element_type=\"container\" data-e-type=\"container\">\n\t\t\t\t\t<div class=\"e-con-inner\">\n\t\t\t\t<div class=\"elementor-element elementor-element-642b260b elementor-widget elementor-widget-text-editor\" data-id=\"642b260b\" data-element_type=\"widget\" data-e-type=\"widget\" data-widget_type=\"text-editor.default\">\n\t\t\t\t<div class=\"elementor-widget-container\">\n\t\t\t\t\t\t\t\t\t\n<p class=\"ingress\">S\u00e4llan har ett akademiskt avhandlingsprojekt r\u00f6nt s\u00e5 stor medial uppm\u00e4rksamhet som <a href=\"https:\/\/www.lu.se\/lup\/publication\/24507e9e-1c05-469d-8594-7ee70735c252\" target=\"_blank\" rel=\"noopener\">Sameh Egyptsons teologiska doktorsavhandling \u201dGlobal politisk islam? Muslimska br\u00f6draskapet &amp; Islamiska f\u00f6rbundet i Sverige\u201d (2023)<\/a> i kyrko- och missionsstudier. I en artikelserie f\u00f6r DN har <a href=\"https:\/\/www.dn.se\/sverige\/storbrak-vantas-kring-avhandling-om-muslimska-brodraskapet-i-sverige\/\" target=\"_blank\" rel=\"noopener\">Niklas Orrenius<\/a> belyst olika aspekter som har gjort avhandlingen till ett kuriosum med ett flertal problematiska dimensioner, speciellt f\u00f6r dem som utpekas som medlemmar och representanter f\u00f6r muslimska br\u00f6draskapet i Sverige. Sydsvenskans <a href=\"https:\/\/www.sydsvenskan.se\/2023-02-10\/egyptson-borde-inte-ha-slappts-fram\" target=\"_blank\" rel=\"noopener\">Moa Bergl\u00f6f<\/a> menade att avhandlingen inte borde ha sl\u00e4ppts fram. <a href=\"https:\/\/www.expressen.se\/kultur\/victor-malm\/egyptson-ar-godkand-men-striden-fortsatter\/\" target=\"_blank\" rel=\"noopener\">Victor Malm<\/a> p\u00e5 Expressen konstaterade att Egyptson godk\u00e4nts, men att striden kommer att forts\u00e4tta. Tillsammans med ett dussintal journalister bes\u00f6kte Faktajouren disputationsakten vid Lunds universitet den 10\/2 2023.<\/p>\n\n<p>Under ett drygt decennium har Egyptson varit ett sanningsvittne f\u00f6r den del av svensk opinion som anser att Sverige generellt och delar av dess civilsamh\u00e4lle specifikt \u00e4r infiltrerat av islamistiska krafter. Vissa menar att denna infiltration \u00e4r en p\u00e5verkansstrategi som den svenska politiska eliten antingen medvetet eller omedvetet har underst\u00f6tt. Dessa tankar resonerar med konspirationsteorin om <a href=\"https:\/\/www.routledge.com\/Europe-Continent-of-Conspiracies-Conspiracy-Theories-in-and-about-Europe\/Onnerfors-Krouwel\/p\/book\/9780367500689\" target=\"_blank\" rel=\"noopener\">\u201dEurabia\u201d<\/a>, att kontinenten \u00e4r utsatt f\u00f6r ett planerat islamistiskt makt\u00f6vertagande i maskopi med inhemska akt\u00f6rer. Andra ser sig osk\u00e4ligt utpekade av Egyptson eller av dem som anv\u00e4nder sig av hans forskning och andra av hans skrifter. Vissa av de slutsatser som dragits n\u00e5r onekligen en <a href=\"https:\/\/www.svd.se\/a\/paOPW\/ett-fuskarbete-som-inte-bor-ges-stod\" target=\"_blank\" rel=\"noopener\">bottenniv\u00e5<\/a> av kvalit\u00e9.<\/p>\n<p>Tillsammans med ett dussintal journalister bes\u00f6kte Faktajouren disputationsakten vid Lunds universitet den 10\/2 2023. \u00c4mnet i den svenska debatten \u00e4r inte bara intressant i sig och ett rikhaltigt f\u00e4lt f\u00f6r m\u00f6jlig informationsp\u00e5verkan utan reser fr\u00e5gor hur akademisk kunskap kan och skall granskas. Det h\u00e4nder faktiskt d\u00e5 och d\u00e5 att avhandlingar i Sverige <a href=\"http:\/\/lnu.diva-portal.org\/smash\/record.jsf?pid=diva2%3A204464&amp;dswid=-738\" target=\"_blank\" rel=\"noopener\">underk\u00e4nns<\/a>, inte mindre \u00e4n fjorton i perioden 1984\u20132003. I b\u00f6rjan av seklet var Lunds universitet i hetluften n\u00e4r tv\u00e5 <a href=\"https:\/\/www.yumpu.com\/sv\/document\/view\/30924613\/lum-nr-8-26-september-pdf-15-mb-nytt-fanster\" target=\"_blank\" rel=\"noopener\">kontroversiella avhandlingar<\/a> lades fram. I den ena d\u00f6mdes naturvetenskapen och evolutionsl\u00e4ran ut och datavetenskapen framst\u00e4lldes som ett s\u00e4tt att skapa en Illuminatstyrd Matrix. I den andra avhandlingen p\u00e5stods det att svensk inredningsdesign kommunicerade l\u00e4ran om den rena ariska rasen. S\u00e5 nu var det dags igen f\u00f6r en avhandling i gr\u00e4nsmarkerna av vetenskaplighet. F\u00f6r den svenska journalistiken och allm\u00e4nheten \u00e4r det viktigt att f\u00f6rst\u00e5 hur vetenskaplig kunskap formas och pr\u00f6vas, hur forskning \u00e4r ett l\u00e4rande system och s\u00e4llan l\u00e5ser sig vid en enda fastst\u00e4lld sanning. Men g\u00e5r det ens att kvalitetsgranska en avhandling p\u00e5 omkring 740 sidor med cirka 1600 fotnoter?<\/p>\n<p>Faktajouren stod l\u00e4ngst fram i k\u00f6n n\u00e4r d\u00f6rrarna \u00f6ppnades vid LUX aula p\u00e5 Lunds universitet. Det \u00e4r s\u00e4llan som en disputationsakt drar en skara p\u00e5 flera hundra personer och ett dussintal journalister fr\u00e5n riksmedierna. Personskyddet var starkt och ordningsvakter inkallade. Majoriteten av de n\u00e4rvarande verkade tillh\u00f6ra klientelen av redan fr\u00e4lsta f\u00f6r vilken disputationen i det n\u00e4rmaste i sig var en bekr\u00e4ftelse p\u00e5 \u00e5sikterna om islams\/islamismens negativa p\u00e5verkan p\u00e5 det svenska samh\u00e4llet. K\u00e4nda ansikten fr\u00e5n den svenska anti-muslimska milj\u00f6n var representerade. M\u00f6jligtvis infann de sig f\u00f6r att se sin sanning bekr\u00e4ftad av universitetets kvalitetsst\u00e4mpel.<\/p>\n\n<p>Opponenten Khaled Salih gjorde ett gediget arbete med att presentera och diskutera avhandlingen ur olika aspekter. Svagheterna som lyftes fram ber\u00f6rde mest vetenskapliga utg\u00e5ngspunkter, terminologi och tolkningar av arabiska begrepp och deras \u00f6vers\u00e4ttningar. Opponenten menade att b\u00e5de den studerade organisationen och avhandlingen kan liknas vid en \u201dkluge\u201d, en \u201dpatched-together solution to a problem \u2013 a jury-rig assembled from whatever materials are at hand\u201d (\u201dsammanfogad l\u00f6sning p\u00e5 ett problem \u2013 en spontan koppling sammansatt av vilket material som helst\u201d). Respondenten (avhandlingens f\u00f6rfattare) sade sig \u00e5 sin sida ha lagt ett pussel och menar att han svarade p\u00e5 sin centrala forskningsfr\u00e5ga: att Svenska Islamiska F\u00f6rbundet utg\u00f6r Muslimska Br\u00f6draskapets svenska gren. Med all s\u00e4kerhet kommer denna slutsats och avhandlingen i sig syssels\u00e4tta den svenska debatten i framtiden. Ledam\u00f6terna i fakultetens betygsn\u00e4mnd framf\u00f6rde delvis h\u00e5rd kritik som ifr\u00e5gasatte avhandlingens vetenskapliga bas och hantverk och kritiserade hanteringen av avhandlingens k\u00e4llor. I den efterf\u00f6ljande diskussionen ur auditoriet klargjordes att Egyptson felaktigt utpekat medlemmar vars personliga s\u00e4kerhet och liv kan \u00e4ventyras vilket reser stora fr\u00e5gor om det etiska ansvaret. N\u00e4r disputationstiden b\u00f6rjade n\u00e4rma sig historiska fyra timmar b\u00f6rjade betygsn\u00e4mndens t\u00e5lamod tryta. Ytterligare tv\u00e5 timmar senare kom resultatet om att avhandlingen godk\u00e4ndes med minsta m\u00f6jliga marginal och d\u00e4rmed radar sig in i Lunds universitets kuriosakabinett av kontroversiell kunskap.<\/p>\n\t\t\t\t\t\t\t\t<\/div>\n\t\t\t\t<\/div>\n\t\t\t\t\t<\/div>\n\t\t\t\t<\/div>\n\t\t\t\t<\/div>\n\t\t","protected":false},"excerpt":{"rendered":"<p>S\u00e4llan har ett akademiskt avhandlingsprojekt r\u00f6nt s\u00e5 stor medial uppm\u00e4rksamhet som Sameh Egyptsons teologiska doktorsavhandling \u201dGlobal politisk islam? Musli&#8230;<\/p>\n","protected":false},"author":6,"featured_media":2372,"comment_status":"closed","ping_status":"closed","sticky":false,"template":"","format":"standard","meta":{"_monsterinsights_skip_tracking":false,"_monsterinsights_sitenote_active":false,"_monsterinsights_sitenote_note":"","_monsterinsights_sitenote_category":0,"footnotes":""},"categories":[18],"tags":[25],"class_list":["post-2371","post","type-post","status-publish","format-standard","has-post-thumbnail","hentry","category-fordjupning","tag-faktajouren"],"_links":{"self":[{"href":"https:\/\/fojo.se\/verify\/wp-json\/wp\/v2\/posts\/2371","targetHints":{"allow":["GET"]}}],"collection":[{"href":"https:\/\/fojo.se\/verify\/wp-json\/wp\/v2\/posts"}],"about":[{"href":"https:\/\/fojo.se\/verify\/wp-json\/wp\/v2\/types\/post"}],"author":[{"embeddable":true,"href":"https:\/\/fojo.se\/verify\/wp-json\/wp\/v2\/users\/6"}],"replies":[{"embeddable":true,"href":"https:\/\/fojo.se\/verify\/wp-json\/wp\/v2\/comments?post=2371"}],"version-history":[{"count":5,"href":"https:\/\/fojo.se\/verify\/wp-json\/wp\/v2\/posts\/2371\/revisions"}],"predecessor-version":[{"id":3561,"href":"https:\/\/fojo.se\/verify\/wp-json\/wp\/v2\/posts\/2371\/revisions\/3561"}],"wp:featuredmedia":[{"embeddable":true,"href":"https:\/\/fojo.se\/verify\/wp-json\/wp\/v2\/media\/2372"}],"wp:attachment":[{"href":"https:\/\/fojo.se\/verify\/wp-json\/wp\/v2\/media?parent=2371"}],"wp:term":[{"taxonomy":"category","embeddable":true,"href":"https:\/\/fojo.se\/verify\/wp-json\/wp\/v2\/categories?post=2371"},{"taxonomy":"post_tag","embeddable":true,"href":"https:\/\/fojo.se\/verify\/wp-json\/wp\/v2\/tags?post=2371"}],"curies":[{"name":"wp","href":"https:\/\/api.w.org\/{rel}","templated":true}]}}