{"id":2211,"date":"2022-12-01T11:37:40","date_gmt":"2022-12-01T10:37:40","guid":{"rendered":"https:\/\/fojo.se\/faktajouren\/?p=2211"},"modified":"2026-02-24T11:59:45","modified_gmt":"2026-02-24T10:59:45","slug":"att-bevaka-missinformationens-sma-steg-i-medierna","status":"publish","type":"post","link":"https:\/\/fojo.se\/verify\/att-bevaka-missinformationens-sma-steg-i-medierna\/","title":{"rendered":"Att bevaka missinformationens sm\u00e5 steg i medierna"},"content":{"rendered":"\n<p><strong>\u00c4ven sm\u00e5 angrepp mot demokratin kan bidra till att den urholkas. Falukuriren\/BT och Kyrkotidningen granskade politiska kandidater eller motioner och kom fram till att den bakomliggande v\u00e4rldsbilden pr\u00e4glades av konspirationsteoretiskt t\u00e4nkande om vetenskaplig expertis. B\u00e5da tidningar anklagades f\u00f6r att agera mot demokratin och en av dem har anm\u00e4lts till Valmyndigheten f\u00f6r \u201dotillb\u00f6rlig p\u00e5verkan\u201d. SLAPP \u2013 att anv\u00e4nda r\u00e4ttsliga medel f\u00f6r att inskr\u00e4nka delaktigheten i den offentliga diskussionen \u2013 beh\u00f6ver inte alltid vara framg\u00e5ngsrik, men kostar nerver, tid och pengar f\u00f6r den som drabbas. Kommer medierna i ett s\u00e5dant klimat orka syna konspirationsteoretikernas l\u00f6gner? Den fr\u00e5gan st\u00e4ller sig Faktajourens r\u00e5dgivare Andreas \u00d6nnerfors n\u00e4r han utforskar missinformationens sm\u00e5 steg i medierna.&nbsp;<\/strong><\/p>\n\n\n\n<p>Av drygt 40 000 r\u00f6stber\u00e4ttigade i Borl\u00e4nge kommun r\u00f6stade 628 personer i&nbsp;<a href=\"https:\/\/web.archive.org\/web\/20230208033222\/https:\/\/valresultat.svt.se\/2022\/kommunval-2081-borlange.html\" target=\"_blank\" rel=\"noopener\">valet 2022<\/a>&nbsp;eller cirka 2% p\u00e5 partiet NyFramtid som d\u00e4rmed n\u00e4stan kom in i kommunfullm\u00e4ktige. P\u00e5 ytan ser partiet, grundat av avhoppade M-medlemmar, ut som ett typiskt lokalt mikroparti med ett mycket lokalt program. Det ing\u00e5r ocks\u00e5 i en regional allians av sm\u00e5partier som koordinerar h\u00e4lso- och sjukv\u00e5rdsfr\u00e5gor i Dalarna. Men nu har Borl\u00e4nge Tidning och Falukuriren anm\u00e4lts till&nbsp;<a href=\"https:\/\/web.archive.org\/web\/20230208033222\/https:\/\/www.riksdagen.se\/sv\/sa-funkar-riksdagen\/riksdagens-myndigheter-och-namnder\/valprovningsnamnden\/overklaganden-med-anledning-av-de-allmanna-valen-2022\/\" target=\"_blank\" rel=\"noopener\">Valmyndigheten<\/a>&nbsp;av partiets vice ordf\u00f6rande Bo Bjurman (dnr 240-2022). Tidningarnas rapportering i maj 2022 skall ha saboterat mikropartiets chanser i valet som han nu kr\u00e4ver skall g\u00f6ras om. Orsaken: BT och Falukuriren hade under v\u00e5ren 2022 avsl\u00f6jat att partiets lokala lista i R\u00e4ttvik dominerades av konspirationsteoretiska medlemmar i en \u201d<a href=\"https:\/\/web.archive.org\/web\/20230208033222\/https:\/\/www.falukuriren.se\/2022-05-05\/parti-varvar-sektledare-som-hyllar-putin-och-vill-ha-new-age-diktatur\" target=\"_blank\" rel=\"noopener\">New-Age-sekt<\/a>\u201d AIC (Internationella Alliansen f\u00f6r Global M\u00e4nsklig Kultur). Representanter f\u00f6r AIC f\u00f6rnekar pandemins existens, hyllar Vladimir Putin som civilisationernas befriare och sprider b\u00e5de alternativa f\u00f6rklaringar f\u00f6r v\u00e4rlden och kurer mot h\u00e4lsoproblem. Och partiledningens f\u00f6rsvar f\u00f6r att inte ha kollat sina kandidater ordentligt har varit minst sagt undflyende. \u00c4n har man skyllt p\u00e5 religionsfrihet, \u00e4n p\u00e5 \u201dpersonliga \u00e5sikter\u201d fr\u00e5nskilda fr\u00e5n politiken. Men som Falukurirens politiske redakt\u00f6r Gabriel Ehrling Perers konstaterar \u00e4r det en stor skillnad mellan en partimedlems privata \u00e5sikter och n\u00e4r den blir representant f\u00f6r ett parti ut\u00e5t. Och \u00e4ven om sekten AIC skulle kunna betraktas som en religion kan den heller inte \u201dst\u00e5 fri fr\u00e5n kritik\u201d. Enligt Ehrling Perers ska \u201danti-demokrater h\u00e5llas borta fr\u00e5n demokratins finrum\u201d.<\/p>\n\n\n\n<p>SLAPP eller \u201dstrategic lawsuits against public participation\u201d \u00e4r ett fenomen som har \u00f6kat under den senaste tiden och som den Fojo-anknutne journalisten&nbsp;<a href=\"https:\/\/web.archive.org\/web\/20230208033222\/https:\/\/www.journalisten.se\/nyheter\/realtid-reportrar-hotades-med-fangelsestraff-om-de-publicerade\" target=\"_blank\" rel=\"noopener\">Per Agerman<\/a>&nbsp;har utsatts f\u00f6r. Med hot om juridiska processer och skyh\u00f6ga summor i skadest\u00e5nd ska journalister f\u00f6rm\u00e5s att avpublicera artiklar och d\u00e4rmed tvingas till tystnad. S\u00e5 som Ehrling Perers s\u00e4ger har han varit med om att de som granskas hotar med anm\u00e4lningar till Medieombudsmannen, Justitiekanslers\u00e4mbetet eller polisen. Men att nu en tidning anklagas f\u00f6r att ha saboterat ett val tar SLAPP till en ny niv\u00e5. Enligt NyFramtid \u00e4gnade den fria pressen sig \u00e5t \u201dotillb\u00f6rlig p\u00e5verkan\u201d p\u00e5 valet. Ehrling Perers \u00e4r s\u00e4ker p\u00e5 att anm\u00e4lan till Valmyndigheten inte kommer att leda n\u00e5gonvart. BT:s&nbsp;<a href=\"https:\/\/web.archive.org\/web\/20230208033222\/https:\/\/www.borlangetidning.se\/2022-11-16\/om-nf-tror-pa-demokrati-bor-uteslutning-av-bjurman-overvagas\" target=\"_blank\" rel=\"noopener\">Jens Runnberg<\/a>&nbsp;argumenterar f\u00f6r att NyFramtid har goda sk\u00e4l att utesluta sin vice-ordf\u00f6rande Bjurman. Faktum \u00e4r att han s\u00e4llar sig till den skaran som p\u00e5 l\u00f6sa grunder misst\u00e4nkligg\u00f6r den fria pressen att manipulera demokratiska val. Med h\u00e4nvisning till detta st\u00f6rre narrativ (inte minst i USA) avleder han fr\u00e5n partiets katastrofala brist p\u00e5 bakgrundskontroll av sina egna kandidater.<\/p>\n\n\n\n<p>Man ska inte g\u00f6ra fr\u00e5gan st\u00f6rre \u00e4n den \u00e4r, men \u00e4ven sm\u00e5 angrepp mot demokratin kan p\u00e5 sikt bidra till att den urholkas. I&nbsp;<a href=\"https:\/\/web.archive.org\/web\/20230208033222\/https:\/\/www.kyrkanstidning.se\/nyhet\/spridd-konspirationsteori-pa-kyrkomotets-bord\" target=\"_blank\" rel=\"noopener\">Kyrkotidningen<\/a>&nbsp;rapporterades under h\u00f6sten om hur det radikala h\u00f6gerpartiet Alternativ f\u00f6r Sverige lade fram en motion p\u00e5 Kyrkom\u00f6tet 2022 f\u00f6r att stoppa Svenska Kyrkans engagemang f\u00f6r de globala utvecklingsm\u00e5len i&nbsp;<a href=\"https:\/\/web.archive.org\/web\/20230208033222\/https:\/\/www.svenskakyrkan.se\/filer\/587615\/042_Ompr%C3%B6va%20kyrkom%C3%B6tets%20st%C3%A4llningstagandet%20f%C3%B6r%20FNs%20Agenda%202030.pdf?id=2451993\" target=\"_blank\" rel=\"noopener\">FN:s Agenda 2030<\/a>. I motionen anger AfS Lennart Matikainen att sk\u00e4let \u00e4r FN:s p\u00e5st\u00e5dda samverkan med World Economic Forum och dess ledare Klaus Schwab. Dessa har i konspirationsteoretiska milj\u00f6er kring alltifr\u00e5n Covid-19 till Ukrainakriget utpekats som tr\u00e5ddragare bakom en p\u00e5st\u00e5dd \u201dglobal statskupp\u201d. N\u00e4r Kyrkans Tidning l\u00e4t granska AfS motion till Kyrkom\u00f6tet f\u00f6r en nyhetsartikel kunde det konstateras att det sannolikt \u00e4r en av de f\u00f6rsta g\u00e5ngerna en svensk demokratisk f\u00f6rsamling i modern tid har beh\u00f6vt befatta sig med ett av konspirationsteorier motiverat beslutsf\u00f6rslag. AfS fr\u00e5gade i en&nbsp;<a href=\"https:\/\/web.archive.org\/web\/20230208033222\/https:\/\/www.kyrkanstidning.se\/debatt\/nya-lagvattenmarken-om-afs-i-kyrkans-tidning\" target=\"_blank\" rel=\"noopener\">replik<\/a>&nbsp;om det var kyrkans avsikt att \u201dden fria demokratiska debatten skall begr\u00e4nsas\u201d? Agenda 2030 s\u00e4gs vidare uttrycka \u201den globalistisk liberalekonomisk ideologi\u201d och experten som intervjuades i nyhetsartikeln ben\u00e4mndes f\u00f6r \u201dinkallad kritiker\u201d. Det i debattsvaret flitigt anv\u00e4nda ordet \u201dglobalistiskt\u201d \u00e4r en k\u00e4nd retorisk hundvissla f\u00f6r antisemitiska tankefigurer. Men AfS representanter friskriver sig fr\u00e5n s\u00e5dana (uppenbara) associationer och anser att \u201ddet \u00e4r bedr\u00f6vligt att Kyrkans Tidning s\u00e4nker debatten till denna niv\u00e5\u201d.<\/p>\n\n\n\n<p>Den gemensamma n\u00e4mnaren mellan Falukuriren\/BT och Kyrkotidningen \u00e4r att b\u00e5da tidningar granskade politiska kandidater eller motioner och kom fram till att den bakomliggande v\u00e4rldsbilden entydigt pr\u00e4glas av konspirationsteoretiskt t\u00e4nkande enligt g\u00e4llande vetenskaplig expertis. B\u00e5da tidningar anklagades f\u00f6r att agera mot demokratin, en av dem har anm\u00e4lts till Valmyndigheten f\u00f6r \u201dotillb\u00f6rlig p\u00e5verkan\u201d. SLAPP \u2013 att anv\u00e4nda r\u00e4ttsliga medel f\u00f6r att inskr\u00e4nka delaktigheten i den offentliga diskussionen \u2013 beh\u00f6ver inte alltid vara framg\u00e5ngsrik, men kostar nerver, tid och pengar f\u00f6r den som drabbas. Kommer medierna i ett s\u00e5dant klimat orka syna konspirationsteoretikernas l\u00f6gner?<\/p>\n\n\n\n<p>Ofta g\u00f6mmer de sig dessutom bakom demokratiska r\u00e4ttigheter som yttrande-, \u00e5sikts- eller i AIC:s fall bisarrt nog \u00e4ven religionsfrihet och anklagar pressen eller forskningen f\u00f6r att vilja inskr\u00e4nka dessa r\u00e4ttigheter.&nbsp;<a href=\"https:\/\/web.archive.org\/web\/20230208033222\/https:\/\/www.washingtonpost.com\/politics\/2021\/01\/24\/trumps-false-or-misleading-claims-total-30573-over-four-years\/\" target=\"_blank\" rel=\"noopener\">Washington Post<\/a>&nbsp;menar att president Trump under fyra \u00e5r vid makten inte mindre \u00e4n trettio tusen g\u00e5nger uttalade falska eller missvisande p\u00e5st\u00e5enden, en l\u00e5ngsam erodering av det offentliga samtalet som kan s\u00e4gas slutligen ledde till stormningen av USA:s demokratiska institutioner. \u00c4n idag finns det dem som tror att valet 2020 var stulet. Exemplen fr\u00e5n Kyrkom\u00f6tet (som avslog AfS motion) och Dalarna visar att det finns tecken p\u00e5 hur rena l\u00f6gner och falska verklighetsbeskrivningar sipprar in i den svenska politiska verkligheten och hur medierna misst\u00e4nkligg\u00f6rs i sin granskande roll. Tendenser till detta kan \u00e4ven synas p\u00e5 riksniv\u00e5, om \u00e4n inte lika framtr\u00e4dande. Men \u00e4ven de sm\u00e5 stegen, oavsett om de sker i Dalarnas regionala politik eller p\u00e5 det nationella Kyrkom\u00f6tet m\u00e5ste bevakas lika uppm\u00e4rksamt som om de skedde p\u00e5 rikspolitisk niv\u00e5.<\/p>\n","protected":false},"excerpt":{"rendered":"<p>SLAPP \u2013 att anv\u00e4nda r\u00e4ttsliga medel f\u00f6r att inskr\u00e4nka delaktigheten i den offentliga diskussionen \u2013 beh\u00f6ver inte alltid vara framg\u00e5ngsrik, men kostar nerver, tid och pengar f\u00f6r den som drabbas. Kommer medierna i ett s\u00e5dant klimat orka syna konspirationsteoretikernas l\u00f6gner? Den fr\u00e5gan st\u00e4ller sig Faktajourens r\u00e5dgivare Andreas \u00d6nnerfors n\u00e4r han utforskar missinformationens sm\u00e5 steg i medierna.\u00a0<\/p>\n","protected":false},"author":7,"featured_media":2345,"comment_status":"closed","ping_status":"closed","sticky":false,"template":"","format":"standard","meta":{"_monsterinsights_skip_tracking":false,"_monsterinsights_sitenote_active":false,"_monsterinsights_sitenote_note":"","_monsterinsights_sitenote_category":0,"footnotes":""},"categories":[18,50],"tags":[],"class_list":["post-2211","post","type-post","status-publish","format-standard","has-post-thumbnail","hentry","category-fordjupning","category-swefactcheck"],"_links":{"self":[{"href":"https:\/\/fojo.se\/verify\/wp-json\/wp\/v2\/posts\/2211","targetHints":{"allow":["GET"]}}],"collection":[{"href":"https:\/\/fojo.se\/verify\/wp-json\/wp\/v2\/posts"}],"about":[{"href":"https:\/\/fojo.se\/verify\/wp-json\/wp\/v2\/types\/post"}],"author":[{"embeddable":true,"href":"https:\/\/fojo.se\/verify\/wp-json\/wp\/v2\/users\/7"}],"replies":[{"embeddable":true,"href":"https:\/\/fojo.se\/verify\/wp-json\/wp\/v2\/comments?post=2211"}],"version-history":[{"count":3,"href":"https:\/\/fojo.se\/verify\/wp-json\/wp\/v2\/posts\/2211\/revisions"}],"predecessor-version":[{"id":3619,"href":"https:\/\/fojo.se\/verify\/wp-json\/wp\/v2\/posts\/2211\/revisions\/3619"}],"wp:featuredmedia":[{"embeddable":true,"href":"https:\/\/fojo.se\/verify\/wp-json\/wp\/v2\/media\/2345"}],"wp:attachment":[{"href":"https:\/\/fojo.se\/verify\/wp-json\/wp\/v2\/media?parent=2211"}],"wp:term":[{"taxonomy":"category","embeddable":true,"href":"https:\/\/fojo.se\/verify\/wp-json\/wp\/v2\/categories?post=2211"},{"taxonomy":"post_tag","embeddable":true,"href":"https:\/\/fojo.se\/verify\/wp-json\/wp\/v2\/tags?post=2211"}],"curies":[{"name":"wp","href":"https:\/\/api.w.org\/{rel}","templated":true}]}}