{"id":9887,"date":"2022-08-25T11:07:13","date_gmt":"2022-08-25T09:07:13","guid":{"rendered":"https:\/\/fojo.se\/?p=9887"},"modified":"2023-12-06T16:03:44","modified_gmt":"2023-12-06T15:03:44","slug":"nodvandigt-att-oka-mangfalden-i-den-svenska-mediebranschen-alberto-lozano","status":"publish","type":"post","link":"https:\/\/fojo.se\/nykollega\/nodvandigt-att-oka-mangfalden-i-den-svenska-mediebranschen-alberto-lozano\/","title":{"rendered":"N\u00f6dv\u00e4ndigt \u00f6ka m\u00e5ngfalden i svensk media"},"content":{"rendered":"\t\t<div data-elementor-type=\"wp-post\" data-elementor-id=\"9887\" class=\"elementor elementor-9887\" data-elementor-post-type=\"post\">\n\t\t\t\t<div class=\"elementor-element elementor-element-3e9e5573 e-flex e-con-boxed e-con e-parent\" data-id=\"3e9e5573\" data-element_type=\"container\" data-e-type=\"container\">\n\t\t\t\t\t<div class=\"e-con-inner\">\n\t\t\t\t<div class=\"elementor-element elementor-element-1aca2c44 elementor-widget elementor-widget-text-editor\" data-id=\"1aca2c44\" data-element_type=\"widget\" data-e-type=\"widget\" data-widget_type=\"text-editor.default\">\n\t\t\t\t<div class=\"elementor-widget-container\">\n\t\t\t\t\t\t\t\t\t<p>Alberto Lozano Mallol\u00a0 \u00e4r journalist och kommer fr\u00e5n Spanien. Han ser Ny Kollega som ett initiativ som \u00e4r n\u00f6dv\u00e4ndigt f\u00f6r att \u00f6ka m\u00e5ngfalden i den svenska mediebranschen och f\u00f6r att kunna f\u00f6rb\u00e4ttra samh\u00e4llet i stort.<\/p>\t\t\t\t\t\t\t\t<\/div>\n\t\t\t\t<\/div>\n\t\t\t\t<div class=\"elementor-element elementor-element-f95bc7e elementor-widget elementor-widget-text-editor\" data-id=\"f95bc7e\" data-element_type=\"widget\" data-e-type=\"widget\" data-widget_type=\"text-editor.default\">\n\t\t\t\t<div class=\"elementor-widget-container\">\n\t\t\t\t\t\t\t\t\t<p><strong>Hur \u00e4r det att jobba som journalist i ditt hemland Spanien?<\/strong><br \/>\u2013 Att jobba som journalist i Spanien inneb\u00e4r ofta d\u00e5liga arbetsvillkor. Dessutom \u00e4r media s\u00e5 politiserad att utrymmet f\u00f6r fri rapportering \u00e4r begr\u00e4nsat och m\u00f6jligheterna att f\u00e5 tillg\u00e5ng till r\u00e4tt resurser f\u00e5. I Spanien finns det d\u00e4rmed ingen medial opartiskhet. Som journalist skriver man antingen f\u00f6r v\u00e4nsterorienterad eller h\u00f6gerorienterad media. \u00c4ven spansk public service p\u00e5verkas av den politiska maktens inflytande. Inom privat\u00e4gd media styr de ekonomiska intressena, vilka ofta skiljer sig fr\u00e5n de journalistiska.<\/p><p><strong>Vilka \u00e4mnen \u00e4r problematiska att skriva om?<\/strong><br \/>\u2013 Den starka politiseringen g\u00f6r att de flesta \u00e4mnena \u00e4r problematiska, i synnerhet n\u00e4r journalister rapporterar om korruption och ifr\u00e5gas\u00e4tter det politiska systemet.<\/p><p><strong>Vad har varit de st\u00f6rsta utmaningarna f\u00f6r dig som journalist i Sverige?<\/strong><br \/>\u2013 Att f\u00f6rst\u00e5 hur systemet fungerar, vilka myndigheter som finns och hur samh\u00e4llet \u00e4r organiserat. \u00c4ven om b\u00e5de Spanien och Sverige tillh\u00f6r EU finns det m\u00e5nga socioekonomiska skillnader att belysa l\u00e4nderna emellan.<\/p><p><strong>Vad tycker du om Ny Kollega?<\/strong><br \/>\u2013 Det \u00e4r ett fantastiskt initiativ som \u00e4r n\u00f6dv\u00e4ndigt f\u00f6r att \u00f6ka m\u00e5ngfalden i den svenska mediebranschen och f\u00f6r att kunna f\u00f6rb\u00e4ttra samh\u00e4llet i stort. De klassiska f\u00f6rdomarna som finns om v\u00e5ra l\u00e4nder g\u00f6r ibland att folk underskattar v\u00e5r kapacitet som journalister. Faktumet att vi kommer fr\u00e5n l\u00e4nder d\u00e4r situationen f\u00f6r journalister inte \u00e4r optimal inneb\u00e4r inte att vi inte f\u00f6rst\u00e5r vad yrket handlar om.<\/p><p><strong>Vad vill du helst rapportera om i Sverige?<\/strong><br \/>\u2013 Jag \u00e4r intresserad av journalistik som ber\u00f6r de sociala aspekterna av samh\u00e4llet, men jag \u00e4r \u00e4ven noga med att alltid h\u00e5lla mig \u00f6ppen f\u00f6r att l\u00e4ra mig andra saker.<\/p>\t\t\t\t\t\t\t\t<\/div>\n\t\t\t\t<\/div>\n\t\t\t\t\t<\/div>\n\t\t\t\t<\/div>\n\t\t<div class=\"elementor-element elementor-element-26b20262 e-flex e-con-boxed e-con e-parent\" data-id=\"26b20262\" data-element_type=\"container\" data-e-type=\"container\">\n\t\t\t\t\t<div class=\"e-con-inner\">\n\t\t\t\t<div class=\"elementor-element elementor-element-2b5b79a9 elementor-widget elementor-widget-heading\" data-id=\"2b5b79a9\" data-element_type=\"widget\" data-e-type=\"widget\" data-widget_type=\"heading.default\">\n\t\t\t\t<div class=\"elementor-widget-container\">\n\t\t\t\t\t<h6 class=\"elementor-heading-title elementor-size-default\">Fakta<\/h6>\t\t\t\t<\/div>\n\t\t\t\t<\/div>\n\t\t\t\t<div class=\"elementor-element elementor-element-7d81c952 elementor-widget-divider--view-line elementor-widget elementor-widget-divider\" data-id=\"7d81c952\" data-element_type=\"widget\" data-e-type=\"widget\" data-widget_type=\"divider.default\">\n\t\t\t\t<div class=\"elementor-widget-container\">\n\t\t\t\t\t\t\t<div class=\"elementor-divider\">\n\t\t\t<span class=\"elementor-divider-separator\">\n\t\t\t\t\t\t<\/span>\n\t\t<\/div>\n\t\t\t\t\t\t<\/div>\n\t\t\t\t<\/div>\n\t\t\t\t<div class=\"elementor-element elementor-element-4b70c04 elementor-widget elementor-widget-text-editor\" data-id=\"4b70c04\" data-element_type=\"widget\" data-e-type=\"widget\" data-widget_type=\"text-editor.default\">\n\t\t\t\t<div class=\"elementor-widget-container\">\n\t\t\t\t\t\t\t\t\t<p><strong>Namn:<\/strong> Alberto Lozano Mallol<br \/><strong>\u00c5lder:<\/strong> 24 \u00e5r<br \/><strong>Familj:<\/strong> Sambo<br \/><strong>Arbetslivserfarenhet:<\/strong> Radio och tv-redakt\u00f6r och producent i Spanien (tv\u00e5 \u00e5r).<\/p>\t\t\t\t\t\t\t\t<\/div>\n\t\t\t\t<\/div>\n\t\t\t\t\t<\/div>\n\t\t\t\t<\/div>\n\t\t\t\t<\/div>\n\t\t","protected":false},"excerpt":{"rendered":"<p>Alberto Lozano Mallol \u00e4r journalist och kommer fr\u00e5n Spanien. Han ser Ny Kollega som ett initiativ som \u00e4r n\u00f6dv\u00e4ndigt f\u00f6r att \u00f6ka m\u00e5ngfalden i den svenska mediebranschen och f\u00f6r att kunna f\u00f6rb\u00e4ttra samh\u00e4llet i stort.<\/p>\n","protected":false},"author":5,"featured_media":9895,"comment_status":"closed","ping_status":"closed","sticky":false,"template":"","format":"standard","meta":{"_monsterinsights_skip_tracking":false,"_monsterinsights_sitenote_active":false,"_monsterinsights_sitenote_note":"","_monsterinsights_sitenote_category":0,"footnotes":""},"categories":[16],"tags":[],"class_list":["post-9887","post","type-post","status-publish","format-standard","has-post-thumbnail","hentry","category-nykollega-2"],"_links":{"self":[{"href":"https:\/\/fojo.se\/nykollega\/wp-json\/wp\/v2\/posts\/9887","targetHints":{"allow":["GET"]}}],"collection":[{"href":"https:\/\/fojo.se\/nykollega\/wp-json\/wp\/v2\/posts"}],"about":[{"href":"https:\/\/fojo.se\/nykollega\/wp-json\/wp\/v2\/types\/post"}],"author":[{"embeddable":true,"href":"https:\/\/fojo.se\/nykollega\/wp-json\/wp\/v2\/users\/5"}],"replies":[{"embeddable":true,"href":"https:\/\/fojo.se\/nykollega\/wp-json\/wp\/v2\/comments?post=9887"}],"version-history":[{"count":11,"href":"https:\/\/fojo.se\/nykollega\/wp-json\/wp\/v2\/posts\/9887\/revisions"}],"predecessor-version":[{"id":24068,"href":"https:\/\/fojo.se\/nykollega\/wp-json\/wp\/v2\/posts\/9887\/revisions\/24068"}],"wp:featuredmedia":[{"embeddable":true,"href":"https:\/\/fojo.se\/nykollega\/wp-json\/wp\/v2\/media\/9895"}],"wp:attachment":[{"href":"https:\/\/fojo.se\/nykollega\/wp-json\/wp\/v2\/media?parent=9887"}],"wp:term":[{"taxonomy":"category","embeddable":true,"href":"https:\/\/fojo.se\/nykollega\/wp-json\/wp\/v2\/categories?post=9887"},{"taxonomy":"post_tag","embeddable":true,"href":"https:\/\/fojo.se\/nykollega\/wp-json\/wp\/v2\/tags?post=9887"}],"curies":[{"name":"wp","href":"https:\/\/api.w.org\/{rel}","templated":true}]}}