{"id":24360,"date":"2024-07-10T12:07:45","date_gmt":"2024-07-10T10:07:45","guid":{"rendered":"https:\/\/fojo.se\/nykollega\/?p=24360"},"modified":"2024-07-10T12:27:53","modified_gmt":"2024-07-10T10:27:53","slug":"hur-ar-det-att-ga-pa-ny-kollega","status":"publish","type":"post","link":"https:\/\/fojo.se\/nykollega\/hur-ar-det-att-ga-pa-ny-kollega\/","title":{"rendered":"Hur \u00e4r det att g\u00e5 p\u00e5 Ny Kollega?"},"content":{"rendered":"\t\t<div data-elementor-type=\"wp-post\" data-elementor-id=\"24360\" class=\"elementor elementor-24360\" data-elementor-post-type=\"post\">\n\t\t\t\t<div class=\"elementor-element elementor-element-24d5a057 e-flex e-con-boxed e-con e-parent\" data-id=\"24d5a057\" data-element_type=\"container\" data-e-type=\"container\">\n\t\t\t\t\t<div class=\"e-con-inner\">\n\t\t\t\t<div class=\"elementor-element elementor-element-2852dcf8 elementor-widget elementor-widget-text-editor\" data-id=\"2852dcf8\" data-element_type=\"widget\" data-e-type=\"widget\" data-widget_type=\"text-editor.default\">\n\t\t\t\t<div class=\"elementor-widget-container\">\n\t\t\t\t\t\t\t\t\t<p><strong>Programmet Ny Kollega samlar journalister fr\u00e5n hela v\u00e4rlden. Alla deltagare \u00e4r journalister som har arbetat eller studerat utanf\u00f6r Sverige och som nu vill jobba inom svensk mediebransch. Hur \u00e4r det d\u00e5 att delta i programmet? <\/strong><\/p>\t\t\t\t\t\t\t\t<\/div>\n\t\t\t\t<\/div>\n\t\t\t\t<div class=\"elementor-element elementor-element-16659956 elementor-widget elementor-widget-text-editor\" data-id=\"16659956\" data-element_type=\"widget\" data-e-type=\"widget\" data-widget_type=\"text-editor.default\">\n\t\t\t\t<div class=\"elementor-widget-container\">\n\t\t\t\t\t\t\t\t\t<p>Du b\u00f6rjar Ny Kollega med att tr\u00e4ffa dina klasskamrater p\u00e5 en digital tr\u00e4ff. H\u00e4r presenterar vi oss sj\u00e4lva, l\u00e4r k\u00e4nna varandra och kan st\u00e4lla fr\u00e5gor.<\/p><p>-Kontakter och n\u00e4tverk \u00e4r viktigt f\u00f6r en journalist. Ni som \u00e4r med i Ny Kollega \u00e4r kanske varandras f\u00f6rsta och viktigaste kontakter. Tillsammans med andra deltagare kommer ni arbeta med varandra under f\u00f6rsta delen av programmet, s\u00e4ger Daniel S. Ogalde, projektledare p\u00e5 Fojo sedan 2021.<\/p><p>Ny Kollega \u00e4r ett digitalt program. Vi arbetar i Microsoft Teams (som du kan ladda ner h\u00e4r). Det \u00e4r h\u00e4r du kommer att delta i seminarier, f\u00f6rel\u00e4sningar och l\u00e4mna in dina uppgifter.<\/p><p>-Vi vill g\u00f6ra Ny Kollega tillg\u00e4ngligt f\u00f6r alla, oavsett om du arbetar, studerar eller om du har lite mer fritid och sj\u00e4lvklart oavsett i Sverige du bor.<\/p><p>V\u00e5rt m\u00e5l med Ny Kollega ska bli f\u00f6rsta steget i din karri\u00e4r som journalist. Det betyder att du ska kunna s\u00f6ka jobb i svensk mediebransch efter avslutat program. Sj\u00e4lvklart \u00e4r din egen insats avg\u00f6rande.<\/p><p>Ny Kollega fokuserar p\u00e5 tre viktiga delar i detta, praktisk erfarenhet, spr\u00e5k och n\u00e4tverk. Detta \u00e4r alla viktiga delar i en framtida journalistkarri\u00e4r men h\u00e4r f\u00e5r du ocks\u00e5 v\u00e4nner f\u00f6r livet.<\/p>\t\t\t\t\t\t\t\t<\/div>\n\t\t\t\t<\/div>\n\t\t\t\t\t<\/div>\n\t\t\t\t<\/div>\n\t\t<div class=\"elementor-element elementor-element-5da3a81d e-flex e-con-boxed e-con e-parent\" data-id=\"5da3a81d\" data-element_type=\"container\" data-e-type=\"container\">\n\t\t\t\t\t<div class=\"e-con-inner\">\n\t\t\t\t<div class=\"elementor-element elementor-element-0893c01 elementor-widget elementor-widget-image\" data-id=\"0893c01\" data-element_type=\"widget\" data-e-type=\"widget\" data-widget_type=\"image.default\">\n\t\t\t\t<div class=\"elementor-widget-container\">\n\t\t\t\t\t\t\t\t\t\t\t\t\t\t\t<img fetchpriority=\"high\" decoding=\"async\" width=\"800\" height=\"534\" src=\"https:\/\/fojo.se\/nykollega\/wp-content\/uploads\/sites\/4\/2024\/07\/Picture2-1024x683.jpg\" class=\"attachment-large size-large wp-image-24366\" alt=\"\" srcset=\"https:\/\/fojo.se\/nykollega\/wp-content\/uploads\/sites\/4\/2024\/07\/Picture2-1024x683.jpg 1024w, https:\/\/fojo.se\/nykollega\/wp-content\/uploads\/sites\/4\/2024\/07\/Picture2-300x200.jpg 300w, https:\/\/fojo.se\/nykollega\/wp-content\/uploads\/sites\/4\/2024\/07\/Picture2-768x512.jpg 768w, https:\/\/fojo.se\/nykollega\/wp-content\/uploads\/sites\/4\/2024\/07\/Picture2.jpg 1092w\" sizes=\"(max-width: 800px) 100vw, 800px\" \/>\t\t\t\t\t\t\t\t\t\t\t\t\t\t\t<\/div>\n\t\t\t\t<\/div>\n\t\t\t\t<div class=\"elementor-element elementor-element-4b8e1854 elementor-widget elementor-widget-text-editor\" data-id=\"4b8e1854\" data-element_type=\"widget\" data-e-type=\"widget\" data-widget_type=\"text-editor.default\">\n\t\t\t\t<div class=\"elementor-widget-container\">\n\t\t\t\t\t\t\t\t\t<p><strong>Uppstartstr\u00e4ff i Stockholm <\/strong><\/p><p>\u00c4ven om Ny Kollega prim\u00e4rt \u00e4r ett digitalt program tr\u00e4ffas vi \u00e4ven fysiskt. I b\u00f6rjan av terminen h\u00e5lls en uppstartstr\u00e4ff i Stockholm. H\u00e4r f\u00e5r du tr\u00e4ffa dina programkamrater, SVT, Bonnier News och Schibsted och oss p\u00e5 Fojo.<\/p><p>&#8211; Det \u00e4r viktigt f\u00f6r oss som mediebolag att f\u00e5 tr\u00e4ffa deltagarna. D\u00e5 kan vi se vad de kan och hur de arbetar men ocks\u00e5 vad de beh\u00f6ver f\u00f6r st\u00f6d, s\u00e4ger Jacob Allard, projektledare p\u00e5 Schibsted.<\/p><p>Under dagarna i Stockholm f\u00e5r man l\u00e4ra k\u00e4nna de olika redaktionerna, prata om framtiden som journalist och lyssna p\u00e5 kollegor som idag arbetar som journalister.<\/p><p>&#8211; Jag tycker det var sp\u00e4nnande att f\u00e5 tr\u00e4ffa alla andra deltagare, s\u00e4ger Oqba Khaled Fayyad.<\/p><p>&#8211; Tr\u00e4ffarna \u00e4r mina favoritmoment! Det \u00e4r intensiva dagar men det \u00e4r ocks\u00e5 roligt och l\u00e4rorikt. Det \u00e4r h\u00e4r vi kan prata om allt som har med journalistik att g\u00f6ra, s\u00e4ger Daniel S. Ogalde.<\/p><p><strong>Digitala tr\u00e4ffar varje vecka<\/strong><\/p><p>Efter den f\u00f6rsta tr\u00e4ffen i Stockholm f\u00f6ljer en v\u00e5rtermin med webbinarium varannan vecka. Digitala f\u00f6rel\u00e4sningar om medierelaterade \u00e4mnen som h\u00e5lls av erfarna journalister. H\u00e4r f\u00e5r du exempelvis l\u00e4ra dig om svensk offentlighetsprincip, medieetik, videojournalistik och textstruktur. Efter varje webbinarium tilldelas du en uppgift som du ocks\u00e5 f\u00e5r feedback p\u00e5.<\/p><p>-Det k\u00e4ndes bra att f\u00e5 feedback p\u00e5 uppgifterna s\u00e5 att man verkligen l\u00e4r sig och kan bli b\u00e4ttre f\u00f6r varje webbinarium, s\u00e4ger Maribel de Paz Anderson.<\/p><p>Varannan vecka anordnar vi ocks\u00e5 spr\u00e5kcaf\u00e9er d\u00e4r vi bjuder in experter att samtala om olika \u00e4mnen. Du kan ocks\u00e5 delta i v\u00e5ra mediesnack d\u00e4r vi pratar om veckans nyheter. M\u00e5let \u00e4r att du ska praktisera din svenska och l\u00e4ra dig om svensk journalistik.<\/p><p>Du tilldelas ocks\u00e5 en s\u00e5 kallad branschkollega som \u00e4r en erfaren journalist. M\u00e5let \u00e4r att du ska kunna bolla journalistik med din branschkollega. Varannan vecka kommer du skicka en videodagbok till din branschkollega som ni kan prata om.<\/p><p>&#8211; I Ny Kollega ska du f\u00e5 journalistisk erfarenhet, praktisera din svenska och f\u00e5 v\u00e4rdefulla kontakter. V\u00e5ra branschkollegor \u00e4r n\u00e5gra av Sveriges b\u00e4sta och mest k\u00e4nda journalister. De kan bidra till din utveckling som journalist i Sverige, s\u00e4ger Sara Karl\u00e9n, projektkoordinator p\u00e5 Fojo, som har hand om n\u00e4tverket med branschkollegor.<\/p>\t\t\t\t\t\t\t\t<\/div>\n\t\t\t\t<\/div>\n\t\t\t\t\t<\/div>\n\t\t\t\t<\/div>\n\t\t<div class=\"elementor-element elementor-element-f9df9dc e-flex e-con-boxed e-con e-parent\" data-id=\"f9df9dc\" data-element_type=\"container\" data-e-type=\"container\">\n\t\t\t\t\t<div class=\"e-con-inner\">\n\t\t\t\t<div class=\"elementor-element elementor-element-45df1cc elementor-widget elementor-widget-image\" data-id=\"45df1cc\" data-element_type=\"widget\" data-e-type=\"widget\" data-widget_type=\"image.default\">\n\t\t\t\t<div class=\"elementor-widget-container\">\n\t\t\t\t\t\t\t\t\t\t\t\t\t\t\t<img decoding=\"async\" width=\"800\" height=\"534\" src=\"https:\/\/fojo.se\/nykollega\/wp-content\/uploads\/sites\/4\/2024\/07\/Picture3-1024x683.jpg\" class=\"attachment-large size-large wp-image-24367\" alt=\"\" srcset=\"https:\/\/fojo.se\/nykollega\/wp-content\/uploads\/sites\/4\/2024\/07\/Picture3-1024x683.jpg 1024w, https:\/\/fojo.se\/nykollega\/wp-content\/uploads\/sites\/4\/2024\/07\/Picture3-300x200.jpg 300w, https:\/\/fojo.se\/nykollega\/wp-content\/uploads\/sites\/4\/2024\/07\/Picture3-768x512.jpg 768w, https:\/\/fojo.se\/nykollega\/wp-content\/uploads\/sites\/4\/2024\/07\/Picture3.jpg 1417w\" sizes=\"(max-width: 800px) 100vw, 800px\" \/>\t\t\t\t\t\t\t\t\t\t\t\t\t\t\t<\/div>\n\t\t\t\t<\/div>\n\t\t\t\t\t<\/div>\n\t\t\t\t<\/div>\n\t\t<div class=\"elementor-element elementor-element-6cd835e2 e-flex e-con-boxed e-con e-parent\" data-id=\"6cd835e2\" data-element_type=\"container\" data-e-type=\"container\">\n\t\t\t\t\t<div class=\"e-con-inner\">\n\t\t\t\t<div class=\"elementor-element elementor-element-7265ef2e elementor-widget elementor-widget-text-editor\" data-id=\"7265ef2e\" data-element_type=\"widget\" data-e-type=\"widget\" data-widget_type=\"text-editor.default\">\n\t\t\t\t<div class=\"elementor-widget-container\">\n\t\t\t\t\t\t\t\t\t<p><strong>Mitterminstr\u00e4ff i Stockholm<\/strong><\/p><p>I mitten av terminen tr\u00e4ffas vi \u00e5terigen i Stockholm. Under tre intensiva dagar deltar du i seminarier och f\u00f6rel\u00e4sningar om journalistik. Du f\u00e5r bes\u00f6ka nyhetsredaktioner p\u00e5 SVT och SR och medieinstitutet Fojo.<\/p><p>&#8211;\u00a0 Fojo \u00e4r en viktig akt\u00f6r inom journalistik. H\u00e4r l\u00e4r sig journalister fr\u00e5n hela v\u00e4rlden om bl a desinformation, research och intervjuteknik. Vi har drivit Ny Kollega sen starten och det \u00e4r alltid lika sp\u00e4nnande att f\u00e5 tr\u00e4ffa alla deltagare, s\u00e4ger Paul Rapacioli, verksamhetschef p\u00e5 Fojo.<\/p><p>Du f\u00e5r dessutom tr\u00e4ffa och umg\u00e5s med b\u00e5de framtida kollegor och utbildningskamrater.<\/p><p>&#8211;\u00a0 Det blir en rolig och l\u00e4rorik djupdykning i allt som har med journalistik att g\u00f6ra och f\u00f6rhoppningsvis ett fint \u00e5terseende av v\u00e4nner, s\u00e4ger Daniel S. Ogalde.<\/p><p><strong>Dags f\u00f6r praktik<\/strong><\/p><p>F\u00f6r att ha chans till en praktik \u00e4r det avg\u00f6rande att du blir godk\u00e4nd under din f\u00f6rsta termin. Sj\u00e4lvklart kan du tidigt ge \u00f6nskem\u00e5l om var du vill bli placerad under din praktik. Kanske vill du helst skriva och vara p\u00e5 en tidning? Eller kanske f\u00f6redrar du att st\u00e5 framf\u00f6r kameran p\u00e5 en av SVT lokala redaktioner? Har du blivit godk\u00e4nd f\u00e5r du reda p\u00e5 var du placeras under mitterminstr\u00e4ffen som h\u00e5lls i Kalmar. H\u00e4r f\u00e5r du prata med v\u00e5ra praktikantmottagare, SVT, Bonnier News och Schibsted. Under praktiken \u00e4r du anst\u00e4lld p\u00e5 heltid och f\u00e5r en ers\u00e4ttning motsvarande en halv minimil\u00f6n (14\u00a0500 kr 2024).<\/p><p>&#8211;\u00a0\u00a0 Du kommer utvecklas som journalist genom skickliga kollegor och arbetsledare. Du kommer l\u00e4ra dig mycket om lokaljournalistik och omr\u00e5det du bevakar. P\u00e5 m\u00e5nga av v\u00e5ra redaktioner arbetar ca 10-12 reportrar d\u00e4r du blir en i teamet. Vi l\u00e4gger stort fokus p\u00e5 gott samarbete och bra arbetsmilj\u00f6, s\u00e4ger Josefine Ziegler, Nyhetschef lokala nyheter s\u00f6der p\u00e5 SVT. H\u00e4r kan du l\u00e4sa mer om hur en dag som praktikant ser ut p\u00e5 SVT (l\u00e4nka till intervjun med Josefin Ziegler och Nina Funke).<\/p><p>Praktiken p\u00e5g\u00e5r ungef\u00e4r fem m\u00e5nader. Du f\u00e5r en handledare och har \u00e4ven avst\u00e4mningar d\u00e4r du f\u00e5r ber\u00e4tta hur det g\u00e5r under praktiken. Avst\u00e4mningarna h\u00e5lls i grupp och individuellt.<\/p><p>&#8211;\u00a0 Kanske k\u00e4nner du att du beh\u00f6ver extra st\u00f6d under din praktik eller att det finns n\u00e5got som kan bli b\u00e4ttre. D\u00e5 ska du ha m\u00f6jligheten att s\u00e4ga det till oss. Vi finns d\u00e4r f\u00f6r att st\u00f6tta dig, s\u00e4ger Daniel S. Ogalde.<\/p><p><strong>Avslutning och dags att s\u00f6ka jobb<\/strong><\/p><p>Efter drygt ett \u00e5rs h\u00e5rt arbete \u00e4r det dags att avsluta b\u00e5de din praktik och programmet Ny Kollega. Detta g\u00f6r vi i Stockholm d\u00e4r du f\u00e5r ber\u00e4tta om dina erfarenheter, redovisa vad du gjort och inte minst umg\u00e5s och tr\u00e4ffa dina programkamrater igen. Du f\u00e5r sj\u00e4lvklart ett intyg som visar att du deltagit i Ny Kollega.<\/p><p>&#8211;\u00a0 Som deltagare ska du ha f\u00e5tt bra f\u00f6ruts\u00e4ttningar f\u00f6r att hitta jobb. Kanske tr\u00e4ffar du din framtida arbetsgivare p\u00e5 plats? Det h\u00e4r \u00e4r ett bra tillf\u00e4lle att s\u00f6ka exempelvis sommarjobb, s\u00e4ger Daniel S. Ogalde.<\/p><p>Har du fr\u00e5gor kring Ny Kollega kan du kontakta programkoordinator Sara Karl\u00e9n p\u00e5 <a href=\"mailto:sara.karlen@lnu.se\">sara.karlen@lnu.se<\/a>. Gl\u00f6m inte att s\u00f6ka till Ny Kollega nedan.<\/p>\t\t\t\t\t\t\t\t<\/div>\n\t\t\t\t<\/div>\n\t\t\t\t\t<\/div>\n\t\t\t\t<\/div>\n\t\t\t\t<\/div>\n\t\t","protected":false},"excerpt":{"rendered":"<p>Programmet Ny Kollega samlar journalister fr\u00e5n hela v\u00e4rlden. Alla deltagare \u00e4r journalister som har arbetat eller studerat utanf\u00f6r Sverige och som nu vill jobba inom svensk mediebransch. Hur \u00e4r det d\u00e5 att delta i programmet? <\/p>\n","protected":false},"author":3,"featured_media":24365,"comment_status":"closed","ping_status":"closed","sticky":false,"template":"","format":"standard","meta":{"_monsterinsights_skip_tracking":false,"_monsterinsights_sitenote_active":false,"_monsterinsights_sitenote_note":"","_monsterinsights_sitenote_category":0,"footnotes":""},"categories":[16],"tags":[],"class_list":["post-24360","post","type-post","status-publish","format-standard","has-post-thumbnail","hentry","category-nykollega-2"],"_links":{"self":[{"href":"https:\/\/fojo.se\/nykollega\/wp-json\/wp\/v2\/posts\/24360","targetHints":{"allow":["GET"]}}],"collection":[{"href":"https:\/\/fojo.se\/nykollega\/wp-json\/wp\/v2\/posts"}],"about":[{"href":"https:\/\/fojo.se\/nykollega\/wp-json\/wp\/v2\/types\/post"}],"author":[{"embeddable":true,"href":"https:\/\/fojo.se\/nykollega\/wp-json\/wp\/v2\/users\/3"}],"replies":[{"embeddable":true,"href":"https:\/\/fojo.se\/nykollega\/wp-json\/wp\/v2\/comments?post=24360"}],"version-history":[{"count":23,"href":"https:\/\/fojo.se\/nykollega\/wp-json\/wp\/v2\/posts\/24360\/revisions"}],"predecessor-version":[{"id":24388,"href":"https:\/\/fojo.se\/nykollega\/wp-json\/wp\/v2\/posts\/24360\/revisions\/24388"}],"wp:featuredmedia":[{"embeddable":true,"href":"https:\/\/fojo.se\/nykollega\/wp-json\/wp\/v2\/media\/24365"}],"wp:attachment":[{"href":"https:\/\/fojo.se\/nykollega\/wp-json\/wp\/v2\/media?parent=24360"}],"wp:term":[{"taxonomy":"category","embeddable":true,"href":"https:\/\/fojo.se\/nykollega\/wp-json\/wp\/v2\/categories?post=24360"},{"taxonomy":"post_tag","embeddable":true,"href":"https:\/\/fojo.se\/nykollega\/wp-json\/wp\/v2\/tags?post=24360"}],"curies":[{"name":"wp","href":"https:\/\/api.w.org\/{rel}","templated":true}]}}