{"id":24313,"date":"2024-07-10T11:44:44","date_gmt":"2024-07-10T09:44:44","guid":{"rendered":"https:\/\/fojo.se\/nykollega\/?p=24313"},"modified":"2025-01-30T10:36:38","modified_gmt":"2025-01-30T09:36:38","slug":"manga-redaktioner-saknar-mangfald","status":"publish","type":"post","link":"https:\/\/fojo.se\/nykollega\/manga-redaktioner-saknar-mangfald\/","title":{"rendered":"\u201dM\u00e5nga redaktioner saknar m\u00e5ngfald\u201d"},"content":{"rendered":"\t\t<div data-elementor-type=\"wp-post\" data-elementor-id=\"24313\" class=\"elementor elementor-24313\" data-elementor-post-type=\"post\">\n\t\t\t\t<div class=\"elementor-element elementor-element-5c4da517 e-flex e-con-boxed e-con e-parent\" data-id=\"5c4da517\" data-element_type=\"container\" data-e-type=\"container\">\n\t\t\t\t\t<div class=\"e-con-inner\">\n\t\t\t\t<div class=\"elementor-element elementor-element-52f7bc89 elementor-widget elementor-widget-text-editor\" data-id=\"52f7bc89\" data-element_type=\"widget\" data-e-type=\"widget\" data-widget_type=\"text-editor.default\">\n\t\t\t\t<div class=\"elementor-widget-container\">\n\t\t\t\t\t\t\t\t\t<p><strong>Sedan 2014 har Kim Malmgren arbetat som kriminalreporter p\u00e5 Expressen. I sin roll bevakar han bland annat g\u00e4ngbrottslighet och kriminella n\u00e4tverk. Nu v\u00e4ljer han att engagera sig i programmet Ny Kollega f\u00f6r att \u00f6ka perspektiven i den svenska mediebranschen.\u00a0 <\/strong><\/p>\t\t\t\t\t\t\t\t<\/div>\n\t\t\t\t<\/div>\n\t\t\t\t<div class=\"elementor-element elementor-element-6c1176ad elementor-widget elementor-widget-text-editor\" data-id=\"6c1176ad\" data-element_type=\"widget\" data-e-type=\"widget\" data-widget_type=\"text-editor.default\">\n\t\t\t\t<div class=\"elementor-widget-container\">\n\t\t\t\t\t\t\t\t\t<p>-Min \u00f6vertygelse att den b\u00e4sta integrationen sker i m\u00f6ten mellan m\u00e4nniskor, oavsett om man pratar om v\u00e4gen in p\u00e5 arbetsmarknaden eller att hitta sin plats som m\u00e4nniska i ett nytt land. Jag tror p\u00e5 metoden och vill vara med och dra mitt str\u00e5 till stacken. Sen tror jag ocks\u00e5 att det kan vara kul och f\u00f6rhoppningsvis ge mig lite nya insikter.<\/p><p>Programmet Ny Kollega \u00e4r ett samarbete mellan Fojo, SVT, Bonnier News och Schibsted och har varit i g\u00e5ng sedan 2021 d\u00e5 man tog in sina f\u00f6rsta deltagare. Kim Malmgren \u00e4r en av flera etablerade journalister som engagerar sig i programmet som s\u00e5 kallad Branschkollega. Tanken \u00e4r att han tillsammans med en programdeltagare, dvs en ny kollega, ska kunna bolla journalistik, tips, r\u00e5d och inte minst perspektiv. N\u00e5got som kan beh\u00f6vas inom den svenska mediebranschen.<\/p><p>-Dessv\u00e4rre \u00e4r min bild att v\u00e4ldigt m\u00e5nga redaktioner antingen helt saknar m\u00e5ngfald &#8211; eller har det i v\u00e4ldigt liten utstr\u00e4ckning. Samtidigt upplever jag att detta \u00e4r n\u00e5got man str\u00e4var efter att f\u00f6rb\u00e4ttra eftersom det finns positiva f\u00f6rdelar med en &#8211; i alla avseenden &#8211; diversifierad journalistk\u00e5r. Jag tror att mediebranschen har varit f\u00f6r d\u00e5lig p\u00e5 att locka personer med annan bakgrund att s\u00f6ka sig till journalistyrket.<\/p><p><strong>Men varf\u00f6r ska svenska redaktioner prioritera m\u00e5ngfald?<\/strong><\/p><p>-P\u00e5 n\u00e5gra decennier har Sverige g\u00e5tt fr\u00e5n att vara ett v\u00e4ldigt homogent land till att bli ett samh\u00e4lle med stor m\u00e5ngfald. Journalistk\u00e5ren har inte alls gjort samma resa. Spr\u00e5kkunskaper, personliga n\u00e4tverk och f\u00f6rst\u00e5else f\u00f6r vissa kulturella fenomen kan vara ov\u00e4rdeligt f\u00f6r att m\u00f6jligg\u00f6ra viktig journalistik i milj\u00f6er som annars riskerar att l\u00e4mnas obevakade.<\/p><p><strong>Vad kan journalister som du g\u00f6ra f\u00f6r att f\u00e5 in fler perspektiv i svensk media?<\/strong><\/p><p>-Gl\u00f6m den gamla parollen \u201dgr\u00e4v d\u00e4r du st\u00e5r\u201d och v\u00e5ga ge dig in i kulturella sammanhang som du k\u00e4nner \u00e4r \u201dkonstiga\u201d eller som du inte bottnar i. Det \u00e4r s\u00e5 man l\u00e4r sig. F\u00f6r egen del har jag rapporterat mycket om g\u00e4ngkriminalitet de senaste \u00e5ren &#8211; och jag k\u00e4nner att f\u00f6r varje dag som g\u00e5r s\u00e5 f\u00e5r jag en st\u00f6rre f\u00f6rst\u00e5else f\u00f6r de stora och otroligt komplexa samh\u00e4llsstrukturer som ligger bakom v\u00e5ldet.<\/p>\t\t\t\t\t\t\t\t<\/div>\n\t\t\t\t<\/div>\n\t\t\t\t<div class=\"elementor-element elementor-element-336ad21 elementor-align-center elementor-widget elementor-widget-button\" data-id=\"336ad21\" data-element_type=\"widget\" data-e-type=\"widget\" data-widget_type=\"button.default\">\n\t\t\t\t<div class=\"elementor-widget-container\">\n\t\t\t\t\t\t\t\t\t<div class=\"elementor-button-wrapper\">\n\t\t\t\t\t<a class=\"elementor-button elementor-button-link elementor-size-sm\" href=\"https:\/\/fojo.se\/nykollega\/branschkollega\/\">\n\t\t\t\t\t\t<span class=\"elementor-button-content-wrapper\">\n\t\t\t\t\t\t\t\t\t<span class=\"elementor-button-text\">Bli branschkollega - g\u00f6r en intresseanm\u00e4lan h\u00e4r<\/span>\n\t\t\t\t\t<\/span>\n\t\t\t\t\t<\/a>\n\t\t\t\t<\/div>\n\t\t\t\t\t\t\t\t<\/div>\n\t\t\t\t<\/div>\n\t\t\t\t\t<\/div>\n\t\t\t\t<\/div>\n\t\t\t\t<\/div>\n\t\t","protected":false},"excerpt":{"rendered":"<p>Sedan 2014 har Kim Malmgren arbetat som kriminalreporter p\u00e5 Expressen. I sin roll bevakar han bland annat g\u00e4ngbrottslighet och kriminella n\u00e4tverk. Nu v\u00e4ljer han att engagera sig i programmet Ny Kollega f\u00f6r att \u00f6ka perspektiven i den svenska mediebranschen.  <\/p>\n","protected":false},"author":3,"featured_media":24318,"comment_status":"closed","ping_status":"closed","sticky":false,"template":"","format":"standard","meta":{"_monsterinsights_skip_tracking":false,"_monsterinsights_sitenote_active":false,"_monsterinsights_sitenote_note":"","_monsterinsights_sitenote_category":0,"footnotes":""},"categories":[16],"tags":[],"class_list":["post-24313","post","type-post","status-publish","format-standard","has-post-thumbnail","hentry","category-nykollega-2"],"_links":{"self":[{"href":"https:\/\/fojo.se\/nykollega\/wp-json\/wp\/v2\/posts\/24313","targetHints":{"allow":["GET"]}}],"collection":[{"href":"https:\/\/fojo.se\/nykollega\/wp-json\/wp\/v2\/posts"}],"about":[{"href":"https:\/\/fojo.se\/nykollega\/wp-json\/wp\/v2\/types\/post"}],"author":[{"embeddable":true,"href":"https:\/\/fojo.se\/nykollega\/wp-json\/wp\/v2\/users\/3"}],"replies":[{"embeddable":true,"href":"https:\/\/fojo.se\/nykollega\/wp-json\/wp\/v2\/comments?post=24313"}],"version-history":[{"count":13,"href":"https:\/\/fojo.se\/nykollega\/wp-json\/wp\/v2\/posts\/24313\/revisions"}],"predecessor-version":[{"id":24688,"href":"https:\/\/fojo.se\/nykollega\/wp-json\/wp\/v2\/posts\/24313\/revisions\/24688"}],"wp:featuredmedia":[{"embeddable":true,"href":"https:\/\/fojo.se\/nykollega\/wp-json\/wp\/v2\/media\/24318"}],"wp:attachment":[{"href":"https:\/\/fojo.se\/nykollega\/wp-json\/wp\/v2\/media?parent=24313"}],"wp:term":[{"taxonomy":"category","embeddable":true,"href":"https:\/\/fojo.se\/nykollega\/wp-json\/wp\/v2\/categories?post=24313"},{"taxonomy":"post_tag","embeddable":true,"href":"https:\/\/fojo.se\/nykollega\/wp-json\/wp\/v2\/tags?post=24313"}],"curies":[{"name":"wp","href":"https:\/\/api.w.org\/{rel}","templated":true}]}}