{"id":24304,"date":"2024-07-10T11:39:31","date_gmt":"2024-07-10T09:39:31","guid":{"rendered":"https:\/\/fojo.se\/nykollega\/?p=24304"},"modified":"2024-07-10T12:04:06","modified_gmt":"2024-07-10T10:04:06","slug":"vad-gor-du-under-praktiken","status":"publish","type":"post","link":"https:\/\/fojo.se\/nykollega\/vad-gor-du-under-praktiken\/","title":{"rendered":"Vad g\u00f6r du under praktiken?"},"content":{"rendered":"\t\t<div data-elementor-type=\"wp-post\" data-elementor-id=\"24304\" class=\"elementor elementor-24304\" data-elementor-post-type=\"post\">\n\t\t\t\t<div class=\"elementor-element elementor-element-656c9fbf e-flex e-con-boxed e-con e-parent\" data-id=\"656c9fbf\" data-element_type=\"container\" data-e-type=\"container\">\n\t\t\t\t\t<div class=\"e-con-inner\">\n\t\t\t\t<div class=\"elementor-element elementor-element-6097a7bb elementor-widget elementor-widget-text-editor\" data-id=\"6097a7bb\" data-element_type=\"widget\" data-e-type=\"widget\" data-widget_type=\"text-editor.default\">\n\t\t\t\t<div class=\"elementor-widget-container\">\n\t\t\t\t\t\t\t\t\t<p><strong>Programmet Ny Kollega best\u00e5r av tv\u00e5 delar. Under f\u00f6rsta terminen kommer du att l\u00e4ra dig allt om svensk journalistik. Godk\u00e4nns du har du m\u00f6jlighet till praktik p\u00e5 SVT, Schibsted och Bonnier. Vad g\u00f6r man d\u00e5 p\u00e5 sin praktik? Josefin Ziegler, n<\/strong><strong>yhetschef p\u00e5 SVTs lokala nyheter s\u00f6der, och Nina Funke, Nyhetschef lokala nyheter Norra Sverige p\u00e5 SVT,\u00a0 och har tagit emot m\u00e5nga praktikanter och kan ber\u00e4tta vad en praktik g\u00e5r ut p\u00e5.<\/strong><\/p>\t\t\t\t\t\t\t\t<\/div>\n\t\t\t\t<\/div>\n\t\t\t\t<div class=\"elementor-element elementor-element-5beb177 elementor-widget elementor-widget-text-editor\" data-id=\"5beb177\" data-element_type=\"widget\" data-e-type=\"widget\" data-widget_type=\"text-editor.default\">\n\t\t\t\t<div class=\"elementor-widget-container\">\n\t\t\t\t\t\t\t\t\t<p><strong>Hur ser en dag f\u00f6r en lokaljournalist ut p\u00e5 SVT?<\/strong><\/p><p>-P\u00e5 de allra flesta redaktioner b\u00f6rjar dagen med ett morgonm\u00f6te. D\u00e4r tas id\u00e9er f\u00f6r dagen och fram\u00e5t upp och planerna mejslas ut. Som reporter \u00e4r det viktigt att bidra med uppslag som kan bli nyheter. Inom Lokala nyheter g\u00f6r du i de flesta fall dina jobb fr\u00e5n ax till limpa. Dvs du g\u00f6r research, filmar, redigerar och skriver webbtexter. Du arbetsleds och coachas n\u00e4r det g\u00e4ller b\u00e5de vinkel och utf\u00f6rande. Ibland jobbar du f\u00f6r dagen, med snabbare nyheter eller skickas ut f\u00f6r att liverapportera fr\u00e5n en nyhetsh\u00e4ndelse. Ofta jobbar du fram\u00e5t med planerad journalistik. D\u00e5 kan du ha flera dagar p\u00e5 dig f\u00f6r att arbeta med en publicering. Med j\u00e4mna mellanrum arbetar du tidiga mornar eller kv\u00e4llar.<\/p><p><strong>Vad kan man f\u00f6rv\u00e4nta sig som praktikant hos er?<\/strong><\/p><p>-Nyhetstj\u00e4nsten SVT Nyheter, med tillh\u00f6rande lokala l\u00f6p, \u00e4r v\u00e5r viktigast publiceringsplattform. Om du g\u00f6r praktik inom SVT:s Lokala nyheter f\u00e5r du l\u00e4ra dig mycket om hur du n\u00e5r en publik med onlinejournalistik och framf\u00f6r allt med r\u00f6rlig nyhetsvideo. Vi arbetar mot m\u00e5lgruppen 20-40 \u00e5r. Du kommer utvecklas som journalist genom skickliga kollegor och arbetsledare. Du kommer l\u00e4ra dig mycket om lokaljournalistik och omr\u00e5det du bevakar. P\u00e5 m\u00e5nga av v\u00e5ra redaktioner arbetar ca 10-12 reportrar d\u00e4r du blir en i teamet. Vi l\u00e4gger stort fokus p\u00e5 gott samarbete och bra arbetsmilj\u00f6.<\/p><p><strong>Vad skulle du s\u00e4ga \u00e4r viktigt att ha koll p\u00e5 som praktikant\/hur ska man f\u00f6rbereda sig inf\u00f6r praktiken?\u00a0<\/strong><\/p><p>-Det absolut viktigaste \u00e4r att brinna f\u00f6r lokal journalistik, de n\u00e4ra fr\u00e5gorna som spelar roll i m\u00e4nniskors vardag, att du har egna id\u00e9er, \u00e4r nyfiken, driven och vill utvecklas. Bra d\u00e4rf\u00f6r om du har lite koll p\u00e5 redaktionens bevakningsomr\u00e5de och utbudet fr\u00e5n andra medier. Vi kommer ge dig en introduktion d\u00e4r du l\u00e4r dig allt fr\u00e5n policys till verktyg. S\u00e5 du beh\u00f6ver vara mentalt f\u00f6rberedd p\u00e5 att du ska l\u00e4ra dig flera system, att det kommer ta tid innan du blir flyh\u00e4nt. Det \u00e4r d\u00e4rf\u00f6r bra att vara rustad med b\u00e5de nyfikenhet och t\u00e5lamod. I geng\u00e4ld f\u00e5r du kompetens i digital framkant som \u00e4r efterfr\u00e5gad p\u00e5 m\u00e5nga mediebolag.<\/p><p><strong>Varf\u00f6r \u00e4r program som Ny Kollega viktigt enligt dig?<\/strong><\/p><p>-Om SVT Nyheter kunna var angel\u00e4get och viktigt f\u00f6r hela befolkningen i Sverige beh\u00f6ver vi f\u00e5 in journalister som beh\u00e4rskar fler spr\u00e5k p\u00e5 v\u00e5ra redaktioner. Vi beh\u00f6ver journalister med n\u00e4tverk i grupper som vi inte n\u00e5r ut till s\u00e5 bra idag och kunskap om fler kulturer.\u00a0<\/p><p>\u00a0<\/p>\t\t\t\t\t\t\t\t<\/div>\n\t\t\t\t<\/div>\n\t\t\t\t\t<\/div>\n\t\t\t\t<\/div>\n\t\t\t\t<\/div>\n\t\t","protected":false},"excerpt":{"rendered":"<p>Programmet Ny Kollega best\u00e5r av tv\u00e5 delar. Under f\u00f6rsta terminen kommer du att l\u00e4ra dig allt om svensk journalistik. Godk\u00e4nns du har du m\u00f6jlighet till praktik p\u00e5 SVT, Schibsted och Bonnier. Vad g\u00f6r man d\u00e5 p\u00e5 sin praktik? Josefin Ziegler, nyhetschef p\u00e5 SVTs lokala nyheter s\u00f6der, och Nina Funke, Nyhetschef lokala nyheter Norra Sverige p\u00e5 SVT,\u00a0 och har tagit emot m\u00e5nga praktikanter och kan ber\u00e4tta vad en praktik g\u00e5r ut p\u00e5.<\/p>\n","protected":false},"author":3,"featured_media":24338,"comment_status":"closed","ping_status":"closed","sticky":false,"template":"","format":"standard","meta":{"_monsterinsights_skip_tracking":false,"_monsterinsights_sitenote_active":false,"_monsterinsights_sitenote_note":"","_monsterinsights_sitenote_category":0,"footnotes":""},"categories":[16],"tags":[],"class_list":["post-24304","post","type-post","status-publish","format-standard","has-post-thumbnail","hentry","category-nykollega-2"],"_links":{"self":[{"href":"https:\/\/fojo.se\/nykollega\/wp-json\/wp\/v2\/posts\/24304","targetHints":{"allow":["GET"]}}],"collection":[{"href":"https:\/\/fojo.se\/nykollega\/wp-json\/wp\/v2\/posts"}],"about":[{"href":"https:\/\/fojo.se\/nykollega\/wp-json\/wp\/v2\/types\/post"}],"author":[{"embeddable":true,"href":"https:\/\/fojo.se\/nykollega\/wp-json\/wp\/v2\/users\/3"}],"replies":[{"embeddable":true,"href":"https:\/\/fojo.se\/nykollega\/wp-json\/wp\/v2\/comments?post=24304"}],"version-history":[{"count":16,"href":"https:\/\/fojo.se\/nykollega\/wp-json\/wp\/v2\/posts\/24304\/revisions"}],"predecessor-version":[{"id":24347,"href":"https:\/\/fojo.se\/nykollega\/wp-json\/wp\/v2\/posts\/24304\/revisions\/24347"}],"wp:featuredmedia":[{"embeddable":true,"href":"https:\/\/fojo.se\/nykollega\/wp-json\/wp\/v2\/media\/24338"}],"wp:attachment":[{"href":"https:\/\/fojo.se\/nykollega\/wp-json\/wp\/v2\/media?parent=24304"}],"wp:term":[{"taxonomy":"category","embeddable":true,"href":"https:\/\/fojo.se\/nykollega\/wp-json\/wp\/v2\/categories?post=24304"},{"taxonomy":"post_tag","embeddable":true,"href":"https:\/\/fojo.se\/nykollega\/wp-json\/wp\/v2\/tags?post=24304"}],"curies":[{"name":"wp","href":"https:\/\/api.w.org\/{rel}","templated":true}]}}