{"id":602,"date":"2021-10-03T18:19:05","date_gmt":"2021-10-03T18:19:05","guid":{"rendered":"https:\/\/www.fojoarkivet.se\/?p=602"},"modified":"2021-10-03T18:19:05","modified_gmt":"2021-10-03T18:19:05","slug":"lagligt-men-farligt-nya-ungdomsdrogen-lustgas-sprider-sig","status":"publish","type":"post","link":"https:\/\/fojo.se\/lokalt\/lagligt-men-farligt-nya-ungdomsdrogen-lustgas-sprider-sig\/","title":{"rendered":"Lagligt men farligt &#8211; nya ungdomsdrogen lustgas sprider sig"},"content":{"rendered":"\n<p><strong>Var? <\/strong>SVT Stockholm<\/p>\n\n\n\n<p><strong>Vem?<\/strong> Alexander F\u00e4rggren och Amela Mahovic<\/p>\n\n\n\n<p><strong>Vad? <\/strong>Under pandemin har lustgas, lagligt att anv\u00e4nda, spridit sig \u00b4som en ny drog p\u00e5 hemmafester och ute p\u00e5 stan. SVT Stockholm g\u00f6r reportage p\u00e5 stan, bland ungdomar som anv\u00e4nder, s\u00e4ljare fr\u00e5n f\u00f6rorten och polisen som varnar.&nbsp;<\/p>\n\n\n\n<p>H\u00f6gintressant lokaljournalistik i den unga m\u00e5lgruppen, och deras f\u00f6r\u00e4ldrar, inte minst.<\/p>\n\n\n\n<p><strong>Citat: <\/strong>\u201cHelt \u00e4rligt? Lite grand av en orgasm faktiskt\u201d s\u00e4ger en av tjejerna som anv\u00e4nder lustgas.<\/p>\n\n\n\n<p><strong>Titta h\u00e4r:<\/strong>&nbsp; <a href=\"https:\/\/www.svt.se\/nyheter\/lokalt\/stockholm\/sahar-sager-invanarna-om-lustgasballonger\" target=\"_blank\" rel=\"noopener\">H\u00e4r berusar de sig p\u00e5 lustgas: \u201dLite som en orgasm\u201d<\/a><\/p>\n","protected":false},"excerpt":{"rendered":"<p>SVT Stockholm:<br \/>\n&#8221;Helt \u00e4rligt? Lite grand av en orgasm faktiskt\u201d s\u00e4ger en av tjejerna som anv\u00e4nder lustgas.&#8221;<\/p>\n","protected":false},"author":20,"featured_media":605,"comment_status":"closed","ping_status":"closed","sticky":false,"template":"","format":"standard","meta":{"_monsterinsights_skip_tracking":false,"_monsterinsights_sitenote_active":false,"_monsterinsights_sitenote_note":"","_monsterinsights_sitenote_category":0,"footnotes":""},"categories":[29,55],"tags":[161],"class_list":["post-602","post","type-post","status-publish","format-standard","has-post-thumbnail","hentry","category-droger-och-missbruk","category-sociala-fragor","tag-svt-stockholm"],"_links":{"self":[{"href":"https:\/\/fojo.se\/lokalt\/wp-json\/wp\/v2\/posts\/602","targetHints":{"allow":["GET"]}}],"collection":[{"href":"https:\/\/fojo.se\/lokalt\/wp-json\/wp\/v2\/posts"}],"about":[{"href":"https:\/\/fojo.se\/lokalt\/wp-json\/wp\/v2\/types\/post"}],"author":[{"embeddable":true,"href":"https:\/\/fojo.se\/lokalt\/wp-json\/wp\/v2\/users\/20"}],"replies":[{"embeddable":true,"href":"https:\/\/fojo.se\/lokalt\/wp-json\/wp\/v2\/comments?post=602"}],"version-history":[{"count":0,"href":"https:\/\/fojo.se\/lokalt\/wp-json\/wp\/v2\/posts\/602\/revisions"}],"wp:featuredmedia":[{"embeddable":true,"href":"https:\/\/fojo.se\/lokalt\/wp-json\/wp\/v2\/media\/605"}],"wp:attachment":[{"href":"https:\/\/fojo.se\/lokalt\/wp-json\/wp\/v2\/media?parent=602"}],"wp:term":[{"taxonomy":"category","embeddable":true,"href":"https:\/\/fojo.se\/lokalt\/wp-json\/wp\/v2\/categories?post=602"},{"taxonomy":"post_tag","embeddable":true,"href":"https:\/\/fojo.se\/lokalt\/wp-json\/wp\/v2\/tags?post=602"}],"curies":[{"name":"wp","href":"https:\/\/api.w.org\/{rel}","templated":true}]}}