{"id":365,"date":"2021-03-04T14:22:48","date_gmt":"2021-03-04T14:22:48","guid":{"rendered":"https:\/\/www.fojoarkivet.se\/?p=365"},"modified":"2021-03-04T14:22:48","modified_gmt":"2021-03-04T14:22:48","slug":"vetlandaattacken-stark-ogonvittnesskildring","status":"publish","type":"post","link":"https:\/\/fojo.se\/lokalt\/vetlandaattacken-stark-ogonvittnesskildring\/","title":{"rendered":"Vetlandaattacken: Stark \u00f6gonvittnesskildring"},"content":{"rendered":"\n<p><strong>Var? <\/strong>Sveriges Radio P4 J\u00f6nk\u00f6ping<br><br><strong>Vilka?<\/strong> Peter Weyde, Markus Engberg<br><br><strong>Hur?<\/strong> Genom att finnas p\u00e5 plats och vara en nyhetsf\u00f6rmedlare med h\u00f6gt f\u00f6rtroende. Hustrun till en av de skadade i onsdagens stora knivattack vittnar om hur hon ser sin man huggas i halsen av 22-\u00e5ringen som nu misst\u00e4nks f\u00f6r att skadat sju personer i Vetlanda, varav tre livshotande. Det \u00e4ldre paret var och handlade mat, n\u00e4r attacken skedde p\u00e5 parkeringsplatsen. Maken \u00e4r nu utom fara, och v\u00e5rdas p\u00e5 sjukhus.<\/p>\n\n\n\n<p><strong>Lyssna h\u00e4r:&nbsp;<\/strong><\/p>\n\n\n\n<p><a href=\"https:\/\/sverigesradio.se\/artikel\/anhorig-han-hogg-min-man-i-halsen\" target=\"_blank\" rel=\"noopener\">https:\/\/sverigesradio.se\/artikel\/anhorig-han-hogg-min-man-i-halsen<\/a><\/p>\n\n\n\n<p>Citat: \u201cD\u00e5 har han huggit honom i halsen. Det bl\u00f6der s\u00e5 mycket att jag \u00e4r tvungen att h\u00e5lla s\u00e5ret, s\u00e5 jag kan inte ringa polisen sj\u00e4lv\u201d s\u00e4ger hustrun till den skadade mannen i Vetlanda.<\/p>\n","protected":false},"excerpt":{"rendered":"<p>Sveriges Radio P4 J\u00f6nk\u00f6ping<br \/>\n\u201cD\u00e5 har han huggit honom i halsen. Det bl\u00f6der s\u00e5 mycket att jag \u00e4r tvungen att h\u00e5lla s\u00e5ret, s\u00e5 jag kan inte ringa polisen sj\u00e4lv\u201d<\/p>\n","protected":false},"author":20,"featured_media":371,"comment_status":"closed","ping_status":"closed","sticky":false,"template":"","format":"standard","meta":{"_monsterinsights_skip_tracking":false,"_monsterinsights_sitenote_active":false,"_monsterinsights_sitenote_note":"","_monsterinsights_sitenote_category":0,"footnotes":""},"categories":[28,14],"tags":[122],"class_list":["post-365","post","type-post","status-publish","format-standard","has-post-thumbnail","hentry","category-brottochstraff","category-personligt","tag-p4-jonkoping"],"_links":{"self":[{"href":"https:\/\/fojo.se\/lokalt\/wp-json\/wp\/v2\/posts\/365","targetHints":{"allow":["GET"]}}],"collection":[{"href":"https:\/\/fojo.se\/lokalt\/wp-json\/wp\/v2\/posts"}],"about":[{"href":"https:\/\/fojo.se\/lokalt\/wp-json\/wp\/v2\/types\/post"}],"author":[{"embeddable":true,"href":"https:\/\/fojo.se\/lokalt\/wp-json\/wp\/v2\/users\/20"}],"replies":[{"embeddable":true,"href":"https:\/\/fojo.se\/lokalt\/wp-json\/wp\/v2\/comments?post=365"}],"version-history":[{"count":0,"href":"https:\/\/fojo.se\/lokalt\/wp-json\/wp\/v2\/posts\/365\/revisions"}],"wp:featuredmedia":[{"embeddable":true,"href":"https:\/\/fojo.se\/lokalt\/wp-json\/wp\/v2\/media\/371"}],"wp:attachment":[{"href":"https:\/\/fojo.se\/lokalt\/wp-json\/wp\/v2\/media?parent=365"}],"wp:term":[{"taxonomy":"category","embeddable":true,"href":"https:\/\/fojo.se\/lokalt\/wp-json\/wp\/v2\/categories?post=365"},{"taxonomy":"post_tag","embeddable":true,"href":"https:\/\/fojo.se\/lokalt\/wp-json\/wp\/v2\/tags?post=365"}],"curies":[{"name":"wp","href":"https:\/\/api.w.org\/{rel}","templated":true}]}}