{"id":3170,"date":"2025-11-03T11:13:51","date_gmt":"2025-11-03T10:13:51","guid":{"rendered":"https:\/\/fojo.se\/lokalt\/?p=3170"},"modified":"2025-11-03T11:25:56","modified_gmt":"2025-11-03T10:25:56","slug":"skickligt-bevakad-aldrevardsharva","status":"publish","type":"post","link":"https:\/\/fojo.se\/lokalt\/skickligt-bevakad-aldrevardsharva\/","title":{"rendered":"Skickligt bevakad \u00e4ldrev\u00e5rdsh\u00e4rva"},"content":{"rendered":"\n<p>Den 5 september gick Uddevalla kommun ut med ett informationsfattigt besked om avst\u00e4ngd personal inom socialtj\u00e4nsten. Bohusl\u00e4nningen var snabbt p\u00e5 bollen och inledde en imponerande granskning.<\/p>\n\n\n\n<p><\/p>\n","protected":false},"excerpt":{"rendered":"<p>Den 5 september gick Uddevalla kommun ut med ett informationsfattigt besked om avst\u00e4ngd personal inom socialtj\u00e4nsten. Bohusl\u00e4nningen var snabbt p\u00e5 bollen och inledde en imponerande granskning.<\/p>\n","protected":false},"author":19,"featured_media":3171,"comment_status":"closed","ping_status":"closed","sticky":false,"template":"","format":"standard","meta":{"_monsterinsights_skip_tracking":false,"_monsterinsights_sitenote_active":false,"_monsterinsights_sitenote_note":"","_monsterinsights_sitenote_category":0,"footnotes":""},"categories":[27,36],"tags":[67],"class_list":["post-3170","post","type-post","status-publish","format-standard","has-post-thumbnail","hentry","category-arbetsmiljo","category-kommunal-omsorg","tag-bohuslanningen"],"_links":{"self":[{"href":"https:\/\/fojo.se\/lokalt\/wp-json\/wp\/v2\/posts\/3170","targetHints":{"allow":["GET"]}}],"collection":[{"href":"https:\/\/fojo.se\/lokalt\/wp-json\/wp\/v2\/posts"}],"about":[{"href":"https:\/\/fojo.se\/lokalt\/wp-json\/wp\/v2\/types\/post"}],"author":[{"embeddable":true,"href":"https:\/\/fojo.se\/lokalt\/wp-json\/wp\/v2\/users\/19"}],"replies":[{"embeddable":true,"href":"https:\/\/fojo.se\/lokalt\/wp-json\/wp\/v2\/comments?post=3170"}],"version-history":[{"count":3,"href":"https:\/\/fojo.se\/lokalt\/wp-json\/wp\/v2\/posts\/3170\/revisions"}],"predecessor-version":[{"id":3174,"href":"https:\/\/fojo.se\/lokalt\/wp-json\/wp\/v2\/posts\/3170\/revisions\/3174"}],"wp:featuredmedia":[{"embeddable":true,"href":"https:\/\/fojo.se\/lokalt\/wp-json\/wp\/v2\/media\/3171"}],"wp:attachment":[{"href":"https:\/\/fojo.se\/lokalt\/wp-json\/wp\/v2\/media?parent=3170"}],"wp:term":[{"taxonomy":"category","embeddable":true,"href":"https:\/\/fojo.se\/lokalt\/wp-json\/wp\/v2\/categories?post=3170"},{"taxonomy":"post_tag","embeddable":true,"href":"https:\/\/fojo.se\/lokalt\/wp-json\/wp\/v2\/tags?post=3170"}],"curies":[{"name":"wp","href":"https:\/\/api.w.org\/{rel}","templated":true}]}}