{"id":2978,"date":"2025-05-08T11:28:21","date_gmt":"2025-05-08T09:28:21","guid":{"rendered":"https:\/\/fojoarkivet.se\/?p=2864"},"modified":"2025-05-08T11:28:21","modified_gmt":"2025-05-08T09:28:21","slug":"de-kartlade-lararavhopp","status":"publish","type":"post","link":"https:\/\/fojo.se\/lokalt\/de-kartlade-lararavhopp\/","title":{"rendered":"De kartlade l\u00e4raravhopp"},"content":{"rendered":"\n<p><strong>Var? <\/strong>P4 G\u00f6teborg.<\/p>\n\n\n\n<p><strong>Vem? <\/strong>Karl Martinsson, Alice Lundberg och Helena J\u00f6nsson.<\/p>\n\n\n\n<p><strong>Vad? <\/strong>Redaktionens kartl\u00e4ggning visar att var femte l\u00e4rare har f\u00f6rsvunnit fr\u00e5n G\u00f6teborgs kommunala grundskolor de senaste tre \u00e5ren. P\u00e5 15 skolor har fler \u00e4n h\u00e4lften av l\u00e4rarna slutat sedan mars 2022. Man har ocks\u00e5 intervjuat ett antal l\u00e4rare om situationen.<\/p>\n\n\n\n<p><strong>Hur?<\/strong> Reportarna har beg\u00e4rt ut och granskat personallistorna fr\u00e5n de kommunala grundskolorna i G\u00f6teborg, dels i mars 2022 dels i mars 2025 och j\u00e4mf\u00f6rt. Man har d\u00e5 tittat b\u00e5de p\u00e5 hur m\u00e5nga l\u00e4rare som f\u00f6rsvunnit helt och s\u00e5dana som bytt skola.<\/p>\n\n\n\n<p><strong>Citat:<\/strong> <em>\u201dEleverna f\u00e5r ju b\u00f6rja om med relationsskapandet hela tiden. Och d\u00e5 blir det v\u00e4ldigt hattigt f\u00f6r eleverna.\u201d<\/em> Patrik Nilsson, l\u00e4rare.<\/p>\n\n\n\n<p><strong>Lyssna h\u00e4r:<\/strong> <a href=\"https:\/\/www.sverigesradio.se\/artikel\/kartlaggning-var-femte-larare-har-forsvunnit-fran-goteborg\" data-type=\"link\" data-id=\"https:\/\/www.sverigesradio.se\/artikel\/kartlaggning-var-femte-larare-har-forsvunnit-fran-goteborg\" target=\"_blank\" rel=\"noreferrer noopener\">Var femte l\u00e4rare har f\u00f6rsvunnit fr\u00e5n G\u00f6teborg<\/a><\/p>\n\n\n\n<p><\/p>\n","protected":false},"excerpt":{"rendered":"<p>Var? P4 G\u00f6teborg. Vem? Karl Martinsson, Alice Lundberg och Helena J\u00f6nsson. Vad? Redaktionens kartl\u00e4ggning visar att var femte l\u00e4rare har f\u00f6rsvunnit fr\u00e5n G\u00f6teborgs kommunala grundskolor de senaste tre \u00e5ren. P\u00e5 15 skolor har fler \u00e4n h\u00e4lften av l\u00e4rarna slutat sedan mars 2022. Man har ocks\u00e5 intervjuat ett antal l\u00e4rare om situationen. Hur? Reportarna har beg\u00e4rt [&hellip;]<\/p>\n","protected":false},"author":19,"featured_media":2979,"comment_status":"closed","ping_status":"closed","sticky":false,"template":"","format":"standard","meta":{"_monsterinsights_skip_tracking":false,"_monsterinsights_sitenote_active":false,"_monsterinsights_sitenote_note":"","_monsterinsights_sitenote_category":0,"footnotes":""},"categories":[54],"tags":[119],"class_list":["post-2978","post","type-post","status-publish","format-standard","has-post-thumbnail","hentry","category-skola","tag-p4-goteborg"],"_links":{"self":[{"href":"https:\/\/fojo.se\/lokalt\/wp-json\/wp\/v2\/posts\/2978","targetHints":{"allow":["GET"]}}],"collection":[{"href":"https:\/\/fojo.se\/lokalt\/wp-json\/wp\/v2\/posts"}],"about":[{"href":"https:\/\/fojo.se\/lokalt\/wp-json\/wp\/v2\/types\/post"}],"author":[{"embeddable":true,"href":"https:\/\/fojo.se\/lokalt\/wp-json\/wp\/v2\/users\/19"}],"replies":[{"embeddable":true,"href":"https:\/\/fojo.se\/lokalt\/wp-json\/wp\/v2\/comments?post=2978"}],"version-history":[{"count":0,"href":"https:\/\/fojo.se\/lokalt\/wp-json\/wp\/v2\/posts\/2978\/revisions"}],"wp:featuredmedia":[{"embeddable":true,"href":"https:\/\/fojo.se\/lokalt\/wp-json\/wp\/v2\/media\/2979"}],"wp:attachment":[{"href":"https:\/\/fojo.se\/lokalt\/wp-json\/wp\/v2\/media?parent=2978"}],"wp:term":[{"taxonomy":"category","embeddable":true,"href":"https:\/\/fojo.se\/lokalt\/wp-json\/wp\/v2\/categories?post=2978"},{"taxonomy":"post_tag","embeddable":true,"href":"https:\/\/fojo.se\/lokalt\/wp-json\/wp\/v2\/tags?post=2978"}],"curies":[{"name":"wp","href":"https:\/\/api.w.org\/{rel}","templated":true}]}}