{"id":2976,"date":"2025-05-08T11:33:33","date_gmt":"2025-05-08T09:33:33","guid":{"rendered":"https:\/\/fojoarkivet.se\/?p=2857"},"modified":"2025-05-08T11:33:33","modified_gmt":"2025-05-08T09:33:33","slug":"notering-i-atal-ledde-till-avslojandet","status":"publish","type":"post","link":"https:\/\/fojo.se\/lokalt\/notering-i-atal-ledde-till-avslojandet\/","title":{"rendered":"Notering i \u00e5tal\u00a0ledde till avsl\u00f6jandet"},"content":{"rendered":"\n<p><strong>Var? <\/strong>P4 J\u00f6nk\u00f6ping.<\/p>\n\n\n\n<p><strong>Vem?<\/strong> Reportrarna Petra Levinson och Markus Engberg.<\/p>\n\n\n\n<p><strong>Vad? <\/strong>Redaktionen har sedan i mars granskat polisens arbete i samband med att den 14-\u00e5rige N\u00e4ssj\u00f6pojken Mohamed kidnappades och m\u00f6rdades av g\u00e4ngkriminella 2023. I slutet av april kunde man avsl\u00f6ja hur polisen inte tagit Mohameds somaliska mamma p\u00e5 allvar. F\u00f6rutom att hon beh\u00f6vde anm\u00e4la sonen f\u00f6rsvunnen tv\u00e5 g\u00e5nger slarvade man med att ta in tolk och gick ist\u00e4llet p\u00e5 uppgifter fr\u00e5n Mohameds minder\u00e5riga syster, som beh\u00e4rskade svenska b\u00e4ttre \u00e4n modern. N\u00e4r mamman gjorde sin f\u00f6rsta anm\u00e4lan var sonen fortfarande i livet och hans telefon hade kunnat g\u00e5 att sp\u00e5ra, enligt granskningen.<\/p>\n\n\n\n<p><strong>Hur? <\/strong>Reportrarna hade jobbat med att bevaka mordet l\u00e4nge. N\u00e4r \u00e5talet kom reagerade de p\u00e5 en \u00e5klagarens bevispunkter d\u00e4r denna h\u00e4nvisade till en del av polisens h\u00e4ndelserapport. Genom att lusl\u00e4sa h\u00e4ndelserapporten kunde de se att mamman haft problem med att f\u00e5 polisen att ta f\u00f6rsvinnandet p\u00e5 allvar. Genom att beg\u00e4ra ut mer handlingar hos polisen kunde man till slut n\u00e5 fram till de skriftliga k\u00e4llor som beh\u00f6vdes. Reportarna ber\u00e4ttar mer om arbetet, och utmaningen med att f\u00e5 familjen att prata i tidningen <a href=\"https:\/\/www.journalisten.se\/nyheter\/veckans-grav-23-polisens-missar-nar-14-arige-mohamed-mordades\/\" data-type=\"link\" data-id=\"https:\/\/www.journalisten.se\/nyheter\/veckans-grav-23-polisens-missar-nar-14-arige-mohamed-mordades\/\" target=\"_blank\" rel=\"noreferrer noopener\">Journalistens gr\u00e4vpodd<\/a>.<\/p>\n\n\n\n<p><strong>Citat 1: <\/strong><em>\u201dDu kommer hata mig nu, men det f\u00e5r vara s\u00e5 tyv\u00e4rr. Det ringer n\u00e5gon somalisk kvinna h\u00e4r.\u201d<\/em> J\u00f6nk\u00f6pingspolis.<\/p>\n\n\n\n<p><strong>Citat 2:<\/strong> <em>\u201dJa, p\u00e5 din b\u00e4sta somaliska.\u201d <\/em>Samma J\u00f6nk\u00f6pingspolis n\u00e4r kollegan meddelar att denne ska ringa pojkens mamma.<\/p>\n\n\n\n<p><strong>Lyssna h\u00e4r:<\/strong> <a href=\"https:\/\/www.sverigesradio.se\/artikel\/sa-raljerade-polisen-om-forsvunne-mohameds-mamma-ring-pa-din-basta-somaliska\" data-type=\"link\" data-id=\"https:\/\/www.sverigesradio.se\/artikel\/sa-raljerade-polisen-om-forsvunne-mohameds-mamma-ring-pa-din-basta-somaliska\" target=\"_blank\" rel=\"noreferrer noopener\">\u201dS\u00e5 raljerade polisen om f\u00f6rsvunne Mohameds mamma\u201d<\/a><\/p>\n\n\n\n<p><\/p>\n","protected":false},"excerpt":{"rendered":"<p>Var? P4 J\u00f6nk\u00f6ping. Vem? Reportrarna Petra Levinson och Markus Engberg. Vad? Redaktionen har sedan i mars granskat polisens arbete i samband med att den 14-\u00e5rige N\u00e4ssj\u00f6pojken Mohamed kidnappades och m\u00f6rdades av g\u00e4ngkriminella 2023. I slutet av april kunde man avsl\u00f6ja hur polisen inte tagit Mohameds somaliska mamma p\u00e5 allvar. F\u00f6rutom att hon beh\u00f6vde anm\u00e4la sonen [&hellip;]<\/p>\n","protected":false},"author":19,"featured_media":2977,"comment_status":"closed","ping_status":"closed","sticky":false,"template":"","format":"standard","meta":{"_monsterinsights_skip_tracking":false,"_monsterinsights_sitenote_active":false,"_monsterinsights_sitenote_note":"","_monsterinsights_sitenote_category":0,"footnotes":""},"categories":[28,32,55],"tags":[122],"class_list":["post-2976","post","type-post","status-publish","format-standard","has-post-thumbnail","hentry","category-brottochstraff","category-gangkriminalitet","category-sociala-fragor","tag-p4-jonkoping"],"_links":{"self":[{"href":"https:\/\/fojo.se\/lokalt\/wp-json\/wp\/v2\/posts\/2976","targetHints":{"allow":["GET"]}}],"collection":[{"href":"https:\/\/fojo.se\/lokalt\/wp-json\/wp\/v2\/posts"}],"about":[{"href":"https:\/\/fojo.se\/lokalt\/wp-json\/wp\/v2\/types\/post"}],"author":[{"embeddable":true,"href":"https:\/\/fojo.se\/lokalt\/wp-json\/wp\/v2\/users\/19"}],"replies":[{"embeddable":true,"href":"https:\/\/fojo.se\/lokalt\/wp-json\/wp\/v2\/comments?post=2976"}],"version-history":[{"count":0,"href":"https:\/\/fojo.se\/lokalt\/wp-json\/wp\/v2\/posts\/2976\/revisions"}],"wp:featuredmedia":[{"embeddable":true,"href":"https:\/\/fojo.se\/lokalt\/wp-json\/wp\/v2\/media\/2977"}],"wp:attachment":[{"href":"https:\/\/fojo.se\/lokalt\/wp-json\/wp\/v2\/media?parent=2976"}],"wp:term":[{"taxonomy":"category","embeddable":true,"href":"https:\/\/fojo.se\/lokalt\/wp-json\/wp\/v2\/categories?post=2976"},{"taxonomy":"post_tag","embeddable":true,"href":"https:\/\/fojo.se\/lokalt\/wp-json\/wp\/v2\/tags?post=2976"}],"curies":[{"name":"wp","href":"https:\/\/api.w.org\/{rel}","templated":true}]}}