{"id":2488,"date":"2024-11-21T12:29:49","date_gmt":"2024-11-21T10:29:49","guid":{"rendered":"https:\/\/fojoarkivet.se\/?p=2488"},"modified":"2024-11-21T12:29:49","modified_gmt":"2024-11-21T10:29:49","slug":"de-knackade-pa-hos-gangkriminells-mamma","status":"publish","type":"post","link":"https:\/\/fojo.se\/lokalt\/de-knackade-pa-hos-gangkriminells-mamma\/","title":{"rendered":"De knackade p\u00e5 hos\u00a0 g\u00e4ngkriminells\u00a0mamma"},"content":{"rendered":"\n<p><strong>Var? <\/strong>Sveriges Radio P4 J\u00f6nk\u00f6ping.<\/p>\n\n\n\n<p><strong>Vem? <\/strong>Markus Engberg och Petra Levinson.<\/p>\n\n\n\n<p><strong>Vad? <\/strong>Sedan april sitter en 15-\u00e5rig pojke fr\u00e5n V\u00e4rnamo h\u00e4ktad i K\u00f6penhamn misst\u00e4nkt f\u00f6r mordf\u00f6rs\u00f6k p\u00e5 n\u00e5gra MC-kriminella. 15-\u00e5ringen var helt ok\u00e4nd f\u00f6r den svenska polisen, men P4 J\u00f6nk\u00f6ping kan i en serie reportage ber\u00e4tta om hur socialtj\u00e4nsten  i V\u00e4rnamo under ett par \u00e5r f\u00e5tt in nio orosanm\u00e4lningar om pojken, som i reportagen kallas f\u00f6r Lukas. Bland annat hade hans f\u00f6r\u00e4ldrar uttryckt sin oro f\u00f6r att sonen h\u00f6ll p\u00e5 att bli springpojke \u00e5t kriminella. Men trots tillg\u00e5ng till en s\u00e4rskild insatsgrupp riktad mot ungdomar som \u201dLukas\u201d n\u00f6jde man sig med ett samtal med f\u00f6r\u00e4ldrarna om gr\u00e4nss\u00e4ttning.<\/p>\n\n\n\n<p>Fredrik Wallstr\u00f6m, chef f\u00f6r Medborgarf\u00f6rvaltningen i V\u00e4rnamo, medger i en intervju att kommunen borde ha kunnat agera annorlunda och har i samband med granskningen Lex Sarah-anm\u00e4lt hanteringen av &#8221;Lukas&#8221;.<\/p>\n\n\n\n<p>Reportrarna har \u00e4ven tr\u00e4ffat &#8221;Lukas&#8221; mamma, vars ber\u00e4ttelse publicerats med utbytt r\u00f6st.<\/p>\n\n\n\n<p><strong>Hur? <\/strong>Reportrarna fick fallet p\u00e5 sitt bord i b\u00f6rjan av h\u00f6sten. Det hade under sommaren blivit k\u00e4nt att en 15-\u00e5ring fr\u00e5n V\u00e4rnamo satt f\u00e4ngslad i Danmark och via k\u00e4llor i Danmark hade redaktionen f\u00e5tt fram pojkens identitet.<\/p>\n\n\n\n<p>F\u00f6r att skapa kontakt med pojkens mamma, och undvika att hon la p\u00e5 luren om de ringde, best\u00e4mde sig reportrarna att helt enkelt \u00e5ka ned till V\u00e4rnamo och knacka p\u00e5. Genom att f\u00f6rklara att de kunde prata hel informellt och att de genom uppgifter i en LVU-utredning som satts ig\u00e5ng efter gripandet kunde ana att &#8221;Lukas&#8221; och hans f\u00f6r\u00e4ldrar inte f\u00e5tt tillr\u00e4ckligt med st\u00f6d, blev de insl\u00e4ppta.<\/p>\n\n\n\n<p>Det tog veckor av kontakter med mamman innan hon k\u00e4nde sig trygg att st\u00e4lla upp p\u00e5 intervju. Med hennes hj\u00e4lp kunde man sedan f\u00e5 tag p\u00e5 handlingar fr\u00e5n socialtj\u00e4nsten. <\/p>\n\n\n\n<p>Ansvariga chefen Fredrik Wallstr\u00f6m st\u00e4llde f\u00f6rst bara upp i en intervju d\u00e4r han med h\u00e4nvisning till sekretessen pratade generellt om kommunens utmaningar. Men efter att reportrarna meddelat att de hade l\u00e4st in sig ordentligt p\u00e5 \u00e4rendet och ville ha en ny intervju satte han sig p\u00e5 allvar sj\u00e4lv in i fallet och gjorde Lex Sarah-anm\u00e4lan. <br><br>Inf\u00f6r den andra intervjun med Wallstr\u00f6m rollspelade reportrarna intervjusituationen f\u00f6r att komma fram till det b\u00e4sta uppl\u00e4gget. Genom att i skarpt l\u00e4ge t\u00e5lmodigt st\u00e4lla sina fr\u00e5gor i n\u00e4rmare en timme lyckades man f\u00e5 Wallstr\u00f6m att medge kommunens misstag.<\/p>\n\n\n\n<p><strong>Citat:<\/strong> <em>\u201dJag har ju bara tur som har en son som lever. Han hade kunnat vara d\u00f6d idag.\u201d<\/em> \u201dLukas\u201d mamma.<\/p>\n\n\n\n<p><strong>Lyssna h\u00e4r: <\/strong><br><br><a href=\"https:\/\/sverigesradio.se\/artikel\/fallet-lukas-fran-pojkrummet-i-varnamo-till-haktet-i-danmark\" data-type=\"link\" data-id=\"https:\/\/sverigesradio.se\/artikel\/fallet-lukas-fran-pojkrummet-i-varnamo-till-haktet-i-danmark\" target=\"_blank\" rel=\"noreferrer noopener\">Fallet Lukas \u2013 varningssignalerna som socialtj\u00e4nsten inte tog p\u00e5 allvar<\/a><\/p>\n\n\n\n<p><a href=\"https:\/\/sverigesradio.se\/artikel\/15-arige-sonen-beordrades-att-doda-i-kopenhamn-sjalvmordsuppdrag\" data-type=\"link\" data-id=\"https:\/\/sverigesradio.se\/artikel\/15-arige-sonen-beordrades-att-doda-i-kopenhamn-sjalvmordsuppdrag\" target=\"_blank\" rel=\"noreferrer noopener\">Hennes 15-\u00e5rige son&nbsp;skulle sova hos kompis \u2013 beordrades att d\u00f6da i K\u00f6penhamn<\/a><\/p>\n\n\n\n<p><\/p>\n","protected":false},"excerpt":{"rendered":"<p>Var? Sveriges Radio P4 J\u00f6nk\u00f6ping. Vem? Markus Engberg och Petra Levinson. Vad? Sedan april sitter en 15-\u00e5rig pojke fr\u00e5n V\u00e4rnamo h\u00e4ktad i K\u00f6penhamn misst\u00e4nkt f\u00f6r mordf\u00f6rs\u00f6k p\u00e5 n\u00e5gra MC-kriminella. 15-\u00e5ringen var helt ok\u00e4nd f\u00f6r den svenska polisen, men P4 J\u00f6nk\u00f6ping kan i en serie reportage ber\u00e4tta om hur socialtj\u00e4nsten i V\u00e4rnamo under ett par \u00e5r [&hellip;]<\/p>\n","protected":false},"author":19,"featured_media":2489,"comment_status":"closed","ping_status":"closed","sticky":false,"template":"","format":"standard","meta":{"_monsterinsights_skip_tracking":false,"_monsterinsights_sitenote_active":false,"_monsterinsights_sitenote_note":"","_monsterinsights_sitenote_category":0,"footnotes":""},"categories":[58],"tags":[122],"class_list":["post-2488","post","type-post","status-publish","format-standard","has-post-thumbnail","hentry","category-uncategorized","tag-p4-jonkoping"],"_links":{"self":[{"href":"https:\/\/fojo.se\/lokalt\/wp-json\/wp\/v2\/posts\/2488","targetHints":{"allow":["GET"]}}],"collection":[{"href":"https:\/\/fojo.se\/lokalt\/wp-json\/wp\/v2\/posts"}],"about":[{"href":"https:\/\/fojo.se\/lokalt\/wp-json\/wp\/v2\/types\/post"}],"author":[{"embeddable":true,"href":"https:\/\/fojo.se\/lokalt\/wp-json\/wp\/v2\/users\/19"}],"replies":[{"embeddable":true,"href":"https:\/\/fojo.se\/lokalt\/wp-json\/wp\/v2\/comments?post=2488"}],"version-history":[{"count":0,"href":"https:\/\/fojo.se\/lokalt\/wp-json\/wp\/v2\/posts\/2488\/revisions"}],"wp:featuredmedia":[{"embeddable":true,"href":"https:\/\/fojo.se\/lokalt\/wp-json\/wp\/v2\/media\/2489"}],"wp:attachment":[{"href":"https:\/\/fojo.se\/lokalt\/wp-json\/wp\/v2\/media?parent=2488"}],"wp:term":[{"taxonomy":"category","embeddable":true,"href":"https:\/\/fojo.se\/lokalt\/wp-json\/wp\/v2\/categories?post=2488"},{"taxonomy":"post_tag","embeddable":true,"href":"https:\/\/fojo.se\/lokalt\/wp-json\/wp\/v2\/tags?post=2488"}],"curies":[{"name":"wp","href":"https:\/\/api.w.org\/{rel}","templated":true}]}}