{"id":2206,"date":"2024-04-24T10:09:16","date_gmt":"2024-04-24T08:09:16","guid":{"rendered":"https:\/\/fojoarkivet.se\/?p=2206"},"modified":"2024-04-24T10:09:16","modified_gmt":"2024-04-24T08:09:16","slug":"avslojar-en-mork-bild-av-uddevallaskolorna","status":"publish","type":"post","link":"https:\/\/fojo.se\/lokalt\/avslojar-en-mork-bild-av-uddevallaskolorna\/","title":{"rendered":"Avsl\u00f6jar en m\u00f6rk bild av Uddevallaskolorna\u00a0"},"content":{"rendered":"\n<p><strong>Var? <\/strong>Bohusl\u00e4nningen.<\/p>\n\n\n\n<p><strong>Vem? <\/strong>Nemanja Kazic, Robin Johansson, Henrik Lundbj\u00f6rk och Christian M\u00f6ller.<\/p>\n\n\n\n<p><strong>Vad? <\/strong>Bohusl\u00e4nningen ber\u00e4ttar att v\u00e5ldet, hoten och kr\u00e4nkningarna i Uddevallas kommunala skolor har \u00f6kat kraftigt i antal de senaste \u00e5ren. Man listar flera h\u00e4ndelser d\u00e4r l\u00e4rare f\u00e5tt ta emot sparkar och slag och blivit rivna och bitna. Tidningen pratar med l\u00e4rarstudenter som funderar p\u00e5 att byta utbildningen efter att ha praktiserat p\u00e5 Uddevallaskolor och tr\u00e4ffar en sju\u00e5ring som blivit s\u00e5 misshandlad av andra elever att han inte l\u00e4ngre vill g\u00e5 till skolan. I ett gripande reportage m\u00f6ter l\u00e4sarna ocks\u00e5 19-\u00e5rige Leo, som f\u00f6r tv\u00e5 \u00e5r sedan blev bunden och knivhuggen p\u00e5 en gymnasieskola i Uddevalla.<\/p>\n\n\n\n<p><strong>Hur? <\/strong>Tidningen har efter ett l\u00f6fte till l\u00e4sarna nyligen f\u00f6rdjupat sin krimbevakning med syfte att b\u00e5de ber\u00e4tta mer om hur brott p\u00e5verkar den enskilda m\u00e4nniskan och samh\u00e4llet i stort. Efter artiklar om sexbrott i n\u00e4ra relation och g\u00e4ngkriminalitet blev det nu skolans tur.<\/p>\n\n\n\n<p>Reportrarna beg\u00e4rde ut rapporter f\u00f6r avvikande h\u00e4ndelser i skolan g\u00e4llande b\u00e5de l\u00e4rare och elever samt incidentrapporter f\u00f6r d\u00e4r elever och\/eller v\u00e5rdnadshavare anv\u00e4nt v\u00e5ld eller riktat hot mot skolpersonal fr\u00e5n 2018-2023. D\u00e4refter sammanst\u00e4lldes materialet och f\u00f6ljdes upp med intervjuer och s\u00f6kande efter case.<\/p>\n\n\n\n<p>Den 19-\u00e5rige Leo fick tidningen tag p\u00e5 genom r\u00e4ttshandlingarna fr\u00e5n n\u00e4r fallet intr\u00e4ffade 2022.<\/p>\n\n\n\n<p><strong>Citat:<\/strong> <em>\u201dEn gravid l\u00e4rare g\u00e5r f\u00f6rbi n\u00e5gra elever efter lunchrasten och i samband med detta sl\u00e5r en av eleverna till l\u00e4raren i ryggen med ett knytn\u00e4vsslag.\u201d <\/em>Ur Uddevallaskolornas incidentrapporter.<\/p>\n\n\n\n<p><strong>L\u00e4s h\u00e4r (l\u00e5sta artiklar):<a href=\"https:\/\/www.bohuslaningen.se\/nyheter\/krim\/valdet-och-hoten-i-uddevallas-skolor-okar-kraftigt.67d9e3f2-3d05-462f-9524-f354561123ab\" data-type=\"link\" data-id=\"https:\/\/www.bohuslaningen.se\/nyheter\/krim\/valdet-och-hoten-i-uddevallas-skolor-okar-kraftigt.67d9e3f2-3d05-462f-9524-f354561123ab\" target=\"_blank\" rel=\"noreferrer noopener\"> <\/a><\/strong><a href=\"https:\/\/www.bohuslaningen.se\/nyheter\/krim\/valdet-och-hoten-i-uddevallas-skolor-okar-kraftigt.67d9e3f2-3d05-462f-9524-f354561123ab\" data-type=\"link\" data-id=\"https:\/\/www.bohuslaningen.se\/nyheter\/krim\/valdet-och-hoten-i-uddevallas-skolor-okar-kraftigt.67d9e3f2-3d05-462f-9524-f354561123ab\" target=\"_blank\" rel=\"noreferrer noopener\">V\u00e5ldet och hoten i Uddevallas skolor \u00f6kar kraftigt<\/a><\/p>\n","protected":false},"excerpt":{"rendered":"<p>Var? Bohusl\u00e4nningen. Vem? Nemanja Kazic, Robin Johansson, Henrik Lundbj\u00f6rk och Christian M\u00f6ller. Vad? Bohusl\u00e4nningen ber\u00e4ttar att v\u00e5ldet, hoten och kr\u00e4nkningarna i Uddevallas kommunala skolor har \u00f6kat kraftigt i antal de senaste \u00e5ren. Man listar flera h\u00e4ndelser d\u00e4r l\u00e4rare f\u00e5tt ta emot sparkar och slag och blivit rivna och bitna. Tidningen pratar med l\u00e4rarstudenter som funderar [&hellip;]<\/p>\n","protected":false},"author":19,"featured_media":2207,"comment_status":"closed","ping_status":"closed","sticky":false,"template":"","format":"standard","meta":{"_monsterinsights_skip_tracking":false,"_monsterinsights_sitenote_active":false,"_monsterinsights_sitenote_note":"","_monsterinsights_sitenote_category":0,"footnotes":""},"categories":[58],"tags":[67],"class_list":["post-2206","post","type-post","status-publish","format-standard","has-post-thumbnail","hentry","category-uncategorized","tag-bohuslanningen"],"_links":{"self":[{"href":"https:\/\/fojo.se\/lokalt\/wp-json\/wp\/v2\/posts\/2206","targetHints":{"allow":["GET"]}}],"collection":[{"href":"https:\/\/fojo.se\/lokalt\/wp-json\/wp\/v2\/posts"}],"about":[{"href":"https:\/\/fojo.se\/lokalt\/wp-json\/wp\/v2\/types\/post"}],"author":[{"embeddable":true,"href":"https:\/\/fojo.se\/lokalt\/wp-json\/wp\/v2\/users\/19"}],"replies":[{"embeddable":true,"href":"https:\/\/fojo.se\/lokalt\/wp-json\/wp\/v2\/comments?post=2206"}],"version-history":[{"count":0,"href":"https:\/\/fojo.se\/lokalt\/wp-json\/wp\/v2\/posts\/2206\/revisions"}],"wp:featuredmedia":[{"embeddable":true,"href":"https:\/\/fojo.se\/lokalt\/wp-json\/wp\/v2\/media\/2207"}],"wp:attachment":[{"href":"https:\/\/fojo.se\/lokalt\/wp-json\/wp\/v2\/media?parent=2206"}],"wp:term":[{"taxonomy":"category","embeddable":true,"href":"https:\/\/fojo.se\/lokalt\/wp-json\/wp\/v2\/categories?post=2206"},{"taxonomy":"post_tag","embeddable":true,"href":"https:\/\/fojo.se\/lokalt\/wp-json\/wp\/v2\/tags?post=2206"}],"curies":[{"name":"wp","href":"https:\/\/api.w.org\/{rel}","templated":true}]}}