{"id":1851,"date":"2023-11-22T15:04:54","date_gmt":"2023-11-22T13:04:54","guid":{"rendered":"https:\/\/fojoarkivet.se\/?p=1851"},"modified":"2023-11-22T15:04:54","modified_gmt":"2023-11-22T13:04:54","slug":"berorade-om-svarigheten-att-fa-hjalp","status":"publish","type":"post","link":"https:\/\/fojo.se\/lokalt\/berorade-om-svarigheten-att-fa-hjalp\/","title":{"rendered":"Ber\u00f6rade om sv\u00e5righeten att f\u00e5 hj\u00e4lp"},"content":{"rendered":"\n<p><strong>Var? <\/strong>Bohusl\u00e4nningen.<\/p>\n\n\n\n<p><strong>Vem? <\/strong>Reportern Elle Carlsson och fotografen Julia Forsberg.<\/p>\n\n\n\n<p><strong>Vad? <\/strong>Tidningen ber\u00e4ttar om 25-\u00e5riga \u201dAlice\u201d som bad v\u00e5rden om hj\u00e4lp efter ett sj\u00e4lvmordsf\u00f6rs\u00f6k. Det skulle dock dr\u00f6ja tio veckor innan hon fick tr\u00e4ffa n\u00e5gon inom \u00f6ppenv\u00e5rden. Med i reportaget \u00e4r \u00e4ven \u201dAlice\u201d mamma, som trots att hon \u00e4r sjukskriven \u00e4r den som tvingas ta ansvaret f\u00f6r dotterns medicinering.<\/p>\n\n\n\n<p><strong>Hur?<\/strong> Det var efter att \u201dAlice\u201d mamma kontaktat tidningen f\u00f6r att sl\u00e5 larm om hur d\u00e5ligt \u00f6ppenv\u00e5rden fungerade som tidningen b\u00f6rjade titta p\u00e5 fallet.  <\/p>\n\n\n\n<p>F\u00f6r reportern Elle Carlsson handlade arbetet hela tiden om en balansering mellan att f\u00e5nga l\u00e4saren och att undvika sensationsjournalistik och detaljer som antingen identifierade vem \u201dAlice\u201d var eller triggade m\u00e4nniskor med egna suicidtankar. F\u00f6r att ytterligare skydda identiteten f\u00f6r personerna i reportaget anv\u00e4ndes modeller vid fotograferingen.<\/p>\n\n\n\n<p>En annan viktig uppgift var att s\u00f6ka dokumentation som kunde bekr\u00e4fta de uppgifter som \u201dAlice\u201d och hennes mamma l\u00e4mnade om v\u00e5rden. I ett par fall fick anklagelser utl\u00e4mnas eftersom de inte gick att bekr\u00e4fta.<\/p>\n\n\n\n<p>Precis som <a href=\"https:\/\/fojoarkivet.se\/de-lat-22-aringen-beratta-efter-sin-dod\/\" data-type=\"link\" data-id=\"https:\/\/fojoarkivet.se\/de-lat-22-aringen-beratta-efter-sin-dod\/\" target=\"_blank\" rel=\"noreferrer noopener\">S\u00f6derhamns-Kurirens reporter<\/a> pekar Elle Carlsson ocks\u00e5 p\u00e5 vikten av att f\u00f6rvalta det f\u00f6rtroendet hon f\u00e5tt och att vara tydlig inf\u00f6r intervjupersonerna med vad hon skulle skriva.<\/p>\n\n\n\n<p><strong>Citat: <\/strong><em>\u201dDe kanske kunde ringa och kol- la om jag levde i alla fall. Det jobbi- gaste \u00e4r att hela tiden g\u00e5 i ovisshet. Har de gl\u00f6mt av mig? Har jag ham-nat mellan stolarna?\u201d<\/em> 25-\u00e5riga \u201dAlice\u201d.<\/p>\n\n\n\n<p><strong>L\u00e4s h\u00e4r: <\/strong><a href=\"https:\/\/www.bohuslaningen.se\/nyheter\/uddevalla\/alice-25-forsokte-ta-sitt-liv-ett-helvete-att-fa-nagon-hjalp.6a15dad1-db6c-4621-8202-9497d856f3ea\" data-type=\"link\" data-id=\"https:\/\/www.bohuslaningen.se\/nyheter\/uddevalla\/alice-25-forsokte-ta-sitt-liv-ett-helvete-att-fa-nagon-hjalp.6a15dad1-db6c-4621-8202-9497d856f3ea\" target=\"_blank\" rel=\"noreferrer noopener\">Alice, 25, f\u00f6rs\u00f6kte ta sitt liv: \u201dEtt helvete att f\u00e5 n\u00e5gon hj\u00e4lp\u201d<\/a><\/p>\n","protected":false},"excerpt":{"rendered":"<p>Var? Bohusl\u00e4nningen. Vem? Reportern Elle Carlsson och fotografen Julia Forsberg. Vad? Tidningen ber\u00e4ttar om 25-\u00e5riga \u201dAlice\u201d som bad v\u00e5rden om hj\u00e4lp efter ett sj\u00e4lvmordsf\u00f6rs\u00f6k. Det skulle dock dr\u00f6ja tio veckor innan hon fick tr\u00e4ffa n\u00e5gon inom \u00f6ppenv\u00e5rden. Med i reportaget \u00e4r \u00e4ven \u201dAlice\u201d mamma, som trots att hon \u00e4r sjukskriven \u00e4r den som tvingas ta [&hellip;]<\/p>\n","protected":false},"author":19,"featured_media":1852,"comment_status":"closed","ping_status":"closed","sticky":false,"template":"","format":"standard","meta":{"_monsterinsights_skip_tracking":false,"_monsterinsights_sitenote_active":false,"_monsterinsights_sitenote_note":"","_monsterinsights_sitenote_category":0,"footnotes":""},"categories":[58],"tags":[67],"class_list":["post-1851","post","type-post","status-publish","format-standard","has-post-thumbnail","hentry","category-uncategorized","tag-bohuslanningen"],"_links":{"self":[{"href":"https:\/\/fojo.se\/lokalt\/wp-json\/wp\/v2\/posts\/1851","targetHints":{"allow":["GET"]}}],"collection":[{"href":"https:\/\/fojo.se\/lokalt\/wp-json\/wp\/v2\/posts"}],"about":[{"href":"https:\/\/fojo.se\/lokalt\/wp-json\/wp\/v2\/types\/post"}],"author":[{"embeddable":true,"href":"https:\/\/fojo.se\/lokalt\/wp-json\/wp\/v2\/users\/19"}],"replies":[{"embeddable":true,"href":"https:\/\/fojo.se\/lokalt\/wp-json\/wp\/v2\/comments?post=1851"}],"version-history":[{"count":0,"href":"https:\/\/fojo.se\/lokalt\/wp-json\/wp\/v2\/posts\/1851\/revisions"}],"wp:featuredmedia":[{"embeddable":true,"href":"https:\/\/fojo.se\/lokalt\/wp-json\/wp\/v2\/media\/1852"}],"wp:attachment":[{"href":"https:\/\/fojo.se\/lokalt\/wp-json\/wp\/v2\/media?parent=1851"}],"wp:term":[{"taxonomy":"category","embeddable":true,"href":"https:\/\/fojo.se\/lokalt\/wp-json\/wp\/v2\/categories?post=1851"},{"taxonomy":"post_tag","embeddable":true,"href":"https:\/\/fojo.se\/lokalt\/wp-json\/wp\/v2\/tags?post=1851"}],"curies":[{"name":"wp","href":"https:\/\/api.w.org\/{rel}","templated":true}]}}