{"id":1813,"date":"2023-11-08T15:50:38","date_gmt":"2023-11-08T13:50:38","guid":{"rendered":"https:\/\/fojoarkivet.se\/?p=1813"},"modified":"2023-11-08T15:50:38","modified_gmt":"2023-11-08T13:50:38","slug":"visselblasarens-uppgifter-fallde-vdn","status":"publish","type":"post","link":"https:\/\/fojo.se\/lokalt\/visselblasarens-uppgifter-fallde-vdn\/","title":{"rendered":"Visselbl\u00e5sarens uppgifter f\u00e4llde vd:n"},"content":{"rendered":"\n<p><strong>Var? <\/strong>P4 V\u00e4st.<\/p>\n\n\n\n<p><strong>Vem?<\/strong> Reportrarna Emil Moberg Lund\u00e9n, Dino Jasarovic och Skoob Salihi .<\/p>\n\n\n\n<p><strong>Vad?<\/strong> P4 har i ett antal publiceringar granskat det kommunala bolaget Kraftstaden i Trollh\u00e4ttan. Bland annat har man kunnat ber\u00e4tta hur en chef inom f\u00f6retaget fick hyra en attraktiv butikslokal och senare fick f\u00f6retagets hj\u00e4lp med att marknadsf\u00f6ra sin verksamhet. Redaktionen har \u00e4ven kunnat lyfta anklagelser om fler tveksamma hyresavtal samt en infekterad arbetsmilj\u00f6.<\/p>\n\n\n\n<p>En intern granskning tillsattes i samband med rapporteringen och nu har f\u00f6retagets vd f\u00e5tt sparken.<\/p>\n\n\n\n<p><strong>Hur? <\/strong>Redaktionen fick in ett fem sidor l\u00e5ngt visselbl\u00e5sarbrev som beskrev oegentligheter inom Kraftstaden. D\u00e4r riktades kritik mot VD:n, ledningsgruppen och ett antal chefer i bolaget. N\u00e4r reportrarna skulle b\u00f6rja kontrollera uppgifterna var det en utmaning att f\u00e5 tillr\u00e4ckligt m\u00e5nga att prata. Men det underl\u00e4ttade n\u00e4r reportrarna f\u00f6rklarade Sveriges Radios arbetsmetoder och informerade om k\u00e4llskyddets tyngd. I takt med att fler pratade kom nya uppgifter fram, vilket ledde till nya publiceringar.<\/p>\n\n\n\n<p><strong>Citat: <\/strong><em>\u201dVi konstaterar att det beh\u00f6vs ett nytt ledarskap i bolaget. Du kommer nog inte f\u00e5 s\u00e5 mycket andra svar idag.\u201d<\/em> Kraftstadens styrelseordf\u00f6rande Ricky Karlsson (KD) p\u00e5 reporterns fr\u00e5ga om varf\u00f6r vd:n f\u00e5tt sparken.<\/p>\n\n\n\n<p><strong>Lyssna h\u00e4r (flera inslag): <\/strong><a href=\"https:\/\/sverigesradio.se\/artikel\/avslojar-kommunal-chef-gav-sig-sjalv-fint-hyreskontrakt\" data-type=\"link\" data-id=\"https:\/\/sverigesradio.se\/artikel\/avslojar-kommunal-chef-gav-sig-sjalv-fint-hyreskontrakt\" target=\"_blank\" rel=\"noreferrer noopener\">Vd p\u00e5 kommunalt bolag gav chef attraktivt hyreskontrakt <\/a><\/p>\n","protected":false},"excerpt":{"rendered":"<p>Var? P4 V\u00e4st. Vem? Reportrarna Emil Moberg Lund\u00e9n, Dino Jasarovic och Skoob Salihi . Vad? P4 har i ett antal publiceringar granskat det kommunala bolaget Kraftstaden i Trollh\u00e4ttan. Bland annat har man kunnat ber\u00e4tta hur en chef inom f\u00f6retaget fick hyra en attraktiv butikslokal och senare fick f\u00f6retagets hj\u00e4lp med att marknadsf\u00f6ra sin verksamhet. Redaktionen [&hellip;]<\/p>\n","protected":false},"author":19,"featured_media":1814,"comment_status":"closed","ping_status":"closed","sticky":false,"template":"","format":"standard","meta":{"_monsterinsights_skip_tracking":false,"_monsterinsights_sitenote_active":false,"_monsterinsights_sitenote_note":"","_monsterinsights_sitenote_category":0,"footnotes":""},"categories":[58],"tags":[133],"class_list":["post-1813","post","type-post","status-publish","format-standard","has-post-thumbnail","hentry","category-uncategorized","tag-p4-vast"],"_links":{"self":[{"href":"https:\/\/fojo.se\/lokalt\/wp-json\/wp\/v2\/posts\/1813","targetHints":{"allow":["GET"]}}],"collection":[{"href":"https:\/\/fojo.se\/lokalt\/wp-json\/wp\/v2\/posts"}],"about":[{"href":"https:\/\/fojo.se\/lokalt\/wp-json\/wp\/v2\/types\/post"}],"author":[{"embeddable":true,"href":"https:\/\/fojo.se\/lokalt\/wp-json\/wp\/v2\/users\/19"}],"replies":[{"embeddable":true,"href":"https:\/\/fojo.se\/lokalt\/wp-json\/wp\/v2\/comments?post=1813"}],"version-history":[{"count":0,"href":"https:\/\/fojo.se\/lokalt\/wp-json\/wp\/v2\/posts\/1813\/revisions"}],"wp:featuredmedia":[{"embeddable":true,"href":"https:\/\/fojo.se\/lokalt\/wp-json\/wp\/v2\/media\/1814"}],"wp:attachment":[{"href":"https:\/\/fojo.se\/lokalt\/wp-json\/wp\/v2\/media?parent=1813"}],"wp:term":[{"taxonomy":"category","embeddable":true,"href":"https:\/\/fojo.se\/lokalt\/wp-json\/wp\/v2\/categories?post=1813"},{"taxonomy":"post_tag","embeddable":true,"href":"https:\/\/fojo.se\/lokalt\/wp-json\/wp\/v2\/tags?post=1813"}],"curies":[{"name":"wp","href":"https:\/\/api.w.org\/{rel}","templated":true}]}}