{"id":1224,"date":"2022-11-14T15:20:45","date_gmt":"2022-11-14T13:20:45","guid":{"rendered":"https:\/\/fojoarkivet.se\/?p=1224"},"modified":"2022-11-14T15:20:45","modified_gmt":"2022-11-14T13:20:45","slug":"djupdykning-i-amnet-bakom-dodsolyckorna","status":"publish","type":"post","link":"https:\/\/fojo.se\/lokalt\/djupdykning-i-amnet-bakom-dodsolyckorna\/","title":{"rendered":"Djupdykning i \u00e4mnet bakom d\u00f6dsolyckorna"},"content":{"rendered":"\n<p><strong>Var? <\/strong>P4 V\u00e4st<\/p>\n\n\n\n<p><strong>Vad? <\/strong>Redaktionen har i en serie reportage granskat A-traktorfenomenet. Man har bland annat avsl\u00f6jat hur 2020-\u00e5rs regelf\u00f6r\u00e4ndring f\u00f6r A-traktorer genomf\u00f6rdes mot polisens rekommendationer och om hur flera v\u00e4stsvenska bilfirmor erbjuder trimning av traktorer, trots att de d\u00e5 inte \u00e4r till\u00e5tna f\u00f6r ungdomar att k\u00f6ra.<\/p>\n\n\n\n<p><strong>Hur?<\/strong> Det var efter att fyra ungdomar i regionen omkommit i A-traktorolyckor p\u00e5 bara en m\u00e5nad som redaktionen inledde sin granskning. Genom remiss-svar som l\u00e4mnats inf\u00f6r beslutet 2020  kunde man f\u00e5 tag p\u00e5 kritiska r\u00f6ster till de nya reglerna, Efter id\u00e9 p\u00e5 ett morgonm\u00f6te genomf\u00f6rdes ocks\u00e5 den anonyma rundringning som avsl\u00f6jade att det g\u00e5r att trimma sin A-traktor hos vissa bilfirmor. <\/p>\n\n\n\n<p>Ett annat viktigt inslag i granskningen har varit m\u00f6ten med ungdomar, bland annat 13-\u00e5riga Ludde som totalf\u00f6rlamades efter en olycka med en trimmad A-traktor. <\/p>\n\n\n\n<p><strong>Citat: <\/strong><em>&#8221;Det \u00e4r upp till kunden vad de vill g\u00f6ra med bilarna. Jag vill tj\u00e4na pengar. Vill ungdomarna att deras A-traktorer ska g\u00e5 i 50 s\u00e5 f\u00e5r v\u00e4l deras f\u00f6r\u00e4ldrar se till att den inte g\u00f6r det&#8221;. <\/em>Representant f\u00f6r bilfirma som erbjuder trimning.<\/p>\n\n\n\n<p><strong>Lyssna h\u00e4r:<\/strong> <a rel=\"noreferrer noopener\" href=\"https:\/\/sverigesradio.se\/grupp\/41740\" data-type=\"URL\" data-id=\"https:\/\/sverigesradio.se\/grupp\/41740\" target=\"_blank\">P4 V\u00e4st granskar A-traktorer<\/a><\/p>\n\n\n\n<p><strong>Lyssna mer: <\/strong><a href=\"https:\/\/sverigesradio.se\/avsnitt\/ludde-alskade-a-traktorer-olyckan-forandrade-allt?fbclid=iwar3pzfd_kzwoqyiykalemtjxoeihbvlr7cvfmdwasvu-i5zxmx8pzf9v7si\" data-type=\"URL\" data-id=\"https:\/\/sverigesradio.se\/avsnitt\/ludde-alskade-a-traktorer-olyckan-forandrade-allt?fbclid=iwar3pzfd_kzwoqyiykalemtjxoeihbvlr7cvfmdwasvu-i5zxmx8pzf9v7si\" target=\"_blank\" rel=\"noreferrer noopener\">P4 Story: Ludde \u00e4lskade A-traktorer \u2013 olyckan f\u00f6r\u00e4ndrade allt<\/a><\/p>\n","protected":false},"excerpt":{"rendered":"<p>Var? P4 V\u00e4st Vad? Redaktionen har i en serie reportage granskat A-traktorfenomenet. Man har bland annat avsl\u00f6jat hur 2020-\u00e5rs regelf\u00f6r\u00e4ndring f\u00f6r A-traktorer genomf\u00f6rdes mot polisens rekommendationer och om hur flera v\u00e4stsvenska bilfirmor erbjuder trimning av traktorer, trots att de d\u00e5 inte \u00e4r till\u00e5tna f\u00f6r ungdomar att k\u00f6ra. Hur? Det var efter att fyra ungdomar i [&hellip;]<\/p>\n","protected":false},"author":19,"featured_media":1226,"comment_status":"closed","ping_status":"closed","sticky":false,"template":"","format":"standard","meta":{"_monsterinsights_skip_tracking":false,"_monsterinsights_sitenote_active":false,"_monsterinsights_sitenote_note":"","_monsterinsights_sitenote_category":0,"footnotes":""},"categories":[58],"tags":[133],"class_list":["post-1224","post","type-post","status-publish","format-standard","has-post-thumbnail","hentry","category-uncategorized","tag-p4-vast"],"_links":{"self":[{"href":"https:\/\/fojo.se\/lokalt\/wp-json\/wp\/v2\/posts\/1224","targetHints":{"allow":["GET"]}}],"collection":[{"href":"https:\/\/fojo.se\/lokalt\/wp-json\/wp\/v2\/posts"}],"about":[{"href":"https:\/\/fojo.se\/lokalt\/wp-json\/wp\/v2\/types\/post"}],"author":[{"embeddable":true,"href":"https:\/\/fojo.se\/lokalt\/wp-json\/wp\/v2\/users\/19"}],"replies":[{"embeddable":true,"href":"https:\/\/fojo.se\/lokalt\/wp-json\/wp\/v2\/comments?post=1224"}],"version-history":[{"count":0,"href":"https:\/\/fojo.se\/lokalt\/wp-json\/wp\/v2\/posts\/1224\/revisions"}],"wp:featuredmedia":[{"embeddable":true,"href":"https:\/\/fojo.se\/lokalt\/wp-json\/wp\/v2\/media\/1226"}],"wp:attachment":[{"href":"https:\/\/fojo.se\/lokalt\/wp-json\/wp\/v2\/media?parent=1224"}],"wp:term":[{"taxonomy":"category","embeddable":true,"href":"https:\/\/fojo.se\/lokalt\/wp-json\/wp\/v2\/categories?post=1224"},{"taxonomy":"post_tag","embeddable":true,"href":"https:\/\/fojo.se\/lokalt\/wp-json\/wp\/v2\/tags?post=1224"}],"curies":[{"name":"wp","href":"https:\/\/api.w.org\/{rel}","templated":true}]}}