{"id":1216,"date":"2022-11-01T09:55:25","date_gmt":"2022-11-01T07:55:25","guid":{"rendered":"https:\/\/fojoarkivet.se\/?p=1216"},"modified":"2022-11-01T09:55:25","modified_gmt":"2022-11-01T07:55:25","slug":"de-gav-kvallspressen-en-match","status":"publish","type":"post","link":"https:\/\/fojo.se\/lokalt\/de-gav-kvallspressen-en-match\/","title":{"rendered":"De gav kv\u00e4llspressen en match"},"content":{"rendered":"\n<p><strong>Var?<\/strong> P4 J\u00f6nk\u00f6ping<\/p>\n\n\n\n<p><strong>Vem? <\/strong>Hela redaktionen med reportrarna Markus Engberg och Petra Levinson i spetsen.<\/p>\n\n\n\n<p><strong>Vad? <\/strong>N\u00e4r den 21-\u00e5riga kvinnan i Vetlanda f\u00f6rsvann och tv\u00e5 av hennes bekanta h\u00e4ktades gav alla medarbetare p\u00e5 P4 J\u00f6nk\u00f6pings nyhetsredaktion sitt yttersta f\u00f6r att hela tiden kunna f\u00f6rse lyssnarna med den senaste informationen. Tack vare ett gediget detektivarbete hann man f\u00f6re kv\u00e4llspressen f\u00e5 tag p\u00e5 viktiga personer i de tre inblandade kvinnornas krets. Tack vare det har man ocks\u00e5 kunnat ge det f\u00f6rsta det f\u00f6rsta embryot till en f\u00f6rklaring om vad som kan ha h\u00e4nt.<\/p>\n\n\n\n<p><strong>Citat: <\/strong><em>&#8221;De \u00e4r inte kapabla till n\u00e5got s\u00e5nt. Man g\u00e5r ju inte och m\u00f6rdar f\u00f6r ett fjortisbr\u00e5k.&#8221; <\/em>V\u00e4nnerna &#8221;Ida&#8221; och &#8221;Sanna&#8221;.<\/p>\n\n\n\n<p><strong>Lyssna h\u00e4r:<\/strong><\/p>\n\n\n\n<p><a href=\"https:\/\/sverigesradio.se\/artikel\/misstankta-kvinnan-vi-lamnade-nattklubben-tillsammans\" data-type=\"URL\" data-id=\"https:\/\/sverigesradio.se\/artikel\/misstankta-kvinnan-vi-lamnade-nattklubben-tillsammans\" target=\"_blank\" rel=\"noreferrer noopener\">Misst\u00e4nkta kvinnan: Vi l\u00e4mnade nattklubben tillsammans med Tove<\/a><\/p>\n\n\n\n<p> <a rel=\"noreferrer noopener\" href=\"https:\/\/sverigesradio.se\/artikel\/vannerna-om-konflikten-innan-tove-forsvann-ett-fjortisbrak\" data-type=\"URL\" data-id=\"https:\/\/sverigesradio.se\/artikel\/vannerna-om-konflikten-innan-tove-forsvann-ett-fjortisbrak\" target=\"_blank\">V\u00e4nnerna om konflikten innan Tove f\u00f6rsvann<\/a><\/p>\n\n\n\n<p><\/p>\n","protected":false},"excerpt":{"rendered":"<p>Var? P4 J\u00f6nk\u00f6ping Vem? Hela redaktionen med reportrarna Markus Engberg och Petra Levinson i spetsen. Vad? N\u00e4r den 21-\u00e5riga kvinnan i Vetlanda f\u00f6rsvann och tv\u00e5 av hennes bekanta h\u00e4ktades gav alla medarbetare p\u00e5 P4 J\u00f6nk\u00f6pings nyhetsredaktion sitt yttersta f\u00f6r att hela tiden kunna f\u00f6rse lyssnarna med den senaste informationen. Tack vare ett gediget detektivarbete hann [&hellip;]<\/p>\n","protected":false},"author":19,"featured_media":1217,"comment_status":"closed","ping_status":"closed","sticky":false,"template":"","format":"standard","meta":{"_monsterinsights_skip_tracking":false,"_monsterinsights_sitenote_active":false,"_monsterinsights_sitenote_note":"","_monsterinsights_sitenote_category":0,"footnotes":""},"categories":[58],"tags":[122],"class_list":["post-1216","post","type-post","status-publish","format-standard","has-post-thumbnail","hentry","category-uncategorized","tag-p4-jonkoping"],"_links":{"self":[{"href":"https:\/\/fojo.se\/lokalt\/wp-json\/wp\/v2\/posts\/1216","targetHints":{"allow":["GET"]}}],"collection":[{"href":"https:\/\/fojo.se\/lokalt\/wp-json\/wp\/v2\/posts"}],"about":[{"href":"https:\/\/fojo.se\/lokalt\/wp-json\/wp\/v2\/types\/post"}],"author":[{"embeddable":true,"href":"https:\/\/fojo.se\/lokalt\/wp-json\/wp\/v2\/users\/19"}],"replies":[{"embeddable":true,"href":"https:\/\/fojo.se\/lokalt\/wp-json\/wp\/v2\/comments?post=1216"}],"version-history":[{"count":0,"href":"https:\/\/fojo.se\/lokalt\/wp-json\/wp\/v2\/posts\/1216\/revisions"}],"wp:featuredmedia":[{"embeddable":true,"href":"https:\/\/fojo.se\/lokalt\/wp-json\/wp\/v2\/media\/1217"}],"wp:attachment":[{"href":"https:\/\/fojo.se\/lokalt\/wp-json\/wp\/v2\/media?parent=1216"}],"wp:term":[{"taxonomy":"category","embeddable":true,"href":"https:\/\/fojo.se\/lokalt\/wp-json\/wp\/v2\/categories?post=1216"},{"taxonomy":"post_tag","embeddable":true,"href":"https:\/\/fojo.se\/lokalt\/wp-json\/wp\/v2\/tags?post=1216"}],"curies":[{"name":"wp","href":"https:\/\/api.w.org\/{rel}","templated":true}]}}