{"id":1138,"date":"2022-09-23T09:01:26","date_gmt":"2022-09-23T07:01:26","guid":{"rendered":"https:\/\/fojoarkivet.se\/?p=1138"},"modified":"2022-09-23T09:01:26","modified_gmt":"2022-09-23T07:01:26","slug":"personligt-om-politiskt-engagemang","status":"publish","type":"post","link":"https:\/\/fojo.se\/lokalt\/personligt-om-politiskt-engagemang\/","title":{"rendered":"Personligt om politiskt engagemang"},"content":{"rendered":"\n<p><strong>Var?<\/strong> Bohusl\u00e4nningen.<\/p>\n\n\n\n<p><strong>Vem? <\/strong>Reportern Julia Forsberg, fotograferna Erik Zienau och Edvin Bergstr\u00f6m.<\/p>\n\n\n\n<p><strong>Vad? <\/strong>Tidningen samlade en grupp unga kvinnor som alla kandiderade i valet, fast f\u00f6r olika partier. Det blev ett samtal om politiskt engagemang, livspussel och tonen i sociala medier i en artikel helt befriad fr\u00e5n politiska klyschor<\/p>\n\n\n\n<p><strong>Citat:<\/strong> <em>&#8221;Mamma har ber\u00e4ttat att jag klagade p\u00e5 kommunpolitikerna n\u00e4r jag var 13 \u00e5r gammal. D\u00e5 sa hon att jag skulle sluta s\u00e4ga s\u00e5 och g\u00f6ra n\u00e5got ist\u00e4llet.&#8221;<\/em> 18-\u00e5riga S-politikern Milla L\u00e4nstr\u00f6m.<\/p>\n\n\n\n<p><strong>L\u00e4s h\u00e4r (l\u00e5st artikel):<\/strong> <a rel=\"noreferrer noopener\" href=\"https:\/\/www.bohuslaningen.se\/nyheter\/uddevalla\/unga-kvinnor-vill-paverka-uddevalla-i-hostens-val.d3f3f0b6-8996-4d1c-a116-f3e238ac6ed6\" data-type=\"URL\" data-id=\"https:\/\/www.bohuslaningen.se\/nyheter\/uddevalla\/unga-kvinnor-vill-paverka-uddevalla-i-hostens-val.d3f3f0b6-8996-4d1c-a116-f3e238ac6ed6\" target=\"_blank\">Unga kvinnor vill p\u00e5verka Uddevalla i h\u00f6stens val<\/a><\/p>\n","protected":false},"excerpt":{"rendered":"<p>Var? Bohusl\u00e4nningen. Vem? Reportern Julia Forsberg, fotograferna Erik Zienau och Edvin Bergstr\u00f6m. Vad? Tidningen samlade en grupp unga kvinnor som alla kandiderade i valet, fast f\u00f6r olika partier. Det blev ett samtal om politiskt engagemang, livspussel och tonen i sociala medier i en artikel helt befriad fr\u00e5n politiska klyschor Citat: &#8221;Mamma har ber\u00e4ttat att jag [&hellip;]<\/p>\n","protected":false},"author":19,"featured_media":1139,"comment_status":"closed","ping_status":"closed","sticky":false,"template":"","format":"standard","meta":{"_monsterinsights_skip_tracking":false,"_monsterinsights_sitenote_active":false,"_monsterinsights_sitenote_note":"","_monsterinsights_sitenote_category":0,"footnotes":""},"categories":[37,14],"tags":[67],"class_list":["post-1138","post","type-post","status-publish","format-standard","has-post-thumbnail","hentry","category-kommunpolitik","category-personligt","tag-bohuslanningen"],"_links":{"self":[{"href":"https:\/\/fojo.se\/lokalt\/wp-json\/wp\/v2\/posts\/1138","targetHints":{"allow":["GET"]}}],"collection":[{"href":"https:\/\/fojo.se\/lokalt\/wp-json\/wp\/v2\/posts"}],"about":[{"href":"https:\/\/fojo.se\/lokalt\/wp-json\/wp\/v2\/types\/post"}],"author":[{"embeddable":true,"href":"https:\/\/fojo.se\/lokalt\/wp-json\/wp\/v2\/users\/19"}],"replies":[{"embeddable":true,"href":"https:\/\/fojo.se\/lokalt\/wp-json\/wp\/v2\/comments?post=1138"}],"version-history":[{"count":0,"href":"https:\/\/fojo.se\/lokalt\/wp-json\/wp\/v2\/posts\/1138\/revisions"}],"wp:featuredmedia":[{"embeddable":true,"href":"https:\/\/fojo.se\/lokalt\/wp-json\/wp\/v2\/media\/1139"}],"wp:attachment":[{"href":"https:\/\/fojo.se\/lokalt\/wp-json\/wp\/v2\/media?parent=1138"}],"wp:term":[{"taxonomy":"category","embeddable":true,"href":"https:\/\/fojo.se\/lokalt\/wp-json\/wp\/v2\/categories?post=1138"},{"taxonomy":"post_tag","embeddable":true,"href":"https:\/\/fojo.se\/lokalt\/wp-json\/wp\/v2\/tags?post=1138"}],"curies":[{"name":"wp","href":"https:\/\/api.w.org\/{rel}","templated":true}]}}