{"id":1063,"date":"2022-05-23T15:26:44","date_gmt":"2022-05-23T13:26:44","guid":{"rendered":"https:\/\/www.fojoarkivet.se\/?p=1063"},"modified":"2022-05-23T15:26:44","modified_gmt":"2022-05-23T13:26:44","slug":"de-lyfte-nyheten-som-drunknade","status":"publish","type":"post","link":"https:\/\/fojo.se\/lokalt\/de-lyfte-nyheten-som-drunknade\/","title":{"rendered":"De lyfte nyheten som drunknade"},"content":{"rendered":"\n<p><strong>Var? <\/strong>P4 J\u00f6nk\u00f6ping\/P4 Story<\/p>\n\n\n\n<p><strong>Vem?<\/strong> Reportern Markus Engberg, programledaren Simon Isaksson, producenten David Svanberg och teknikern Peter Arvidsson.<\/p>\n\n\n\n<p><strong>Vad? <\/strong>Trots bes\u00f6k av koranbr\u00e4nnaren Rasmus Paludan drabbades inte invandrart\u00e4ta R\u00e5sl\u00e4tt i J\u00f6nk\u00f6ping av den sortens kravaller som f\u00f6rekom p\u00e5 andra platser. Ist\u00e4llet var det en pr\u00e4st som polisen fick gripa in mot sedan han st\u00f6rt Paludan med klockringning. Nu har P4 J\u00f6nk\u00f6ping gjort en dokument\u00e4r om pr\u00e4sten Fredrik Hollertz och hans betydelse f\u00f6r den lugna utg\u00e5ngen av Paludans bes\u00f6k.<\/p>\n\n\n\n<p><strong>Hur?<\/strong> P4 J\u00f6nk\u00f6ping och andra redaktioner rapporterade om h\u00e4ndelsen n\u00e4r den intr\u00e4ffade. Men med tanke p\u00e5 vad som h\u00e4nde i bland annat n\u00e4rliggande Link\u00f6ping och Norrk\u00f6ping drunknade nyheten i mediebruset. D\u00e4rf\u00f6r best\u00e4mde sig redaktionen att lyfta ber\u00e4ttelsen.<\/p>\n\n\n\n<p><strong>Citat: <\/strong>&#8221;Han \u00e4r en syndare och en demon som antagligen kommer till helvetet.&#8221; Rasmus Paludan om den klockringande pr\u00e4sten.<\/p>\n\n\n\n<p>Lyssna h\u00e4r (24 minuter): <a href=\"https:\/\/sverigesradio.se\/avsnitt\/kyrkklockorna-som-tystade-koranbrannaren\" data-type=\"URL\" data-id=\"https:\/\/sverigesradio.se\/avsnitt\/kyrkklockorna-som-tystade-koranbrannaren\" target=\"_blank\" rel=\"noreferrer noopener\">Kyrkklockorna som tystade koranbr\u00e4nnaren<\/a><\/p>\n","protected":false},"excerpt":{"rendered":"<p>Var? P4 J\u00f6nk\u00f6ping\/P4 Story Vem? Reportern Markus Engberg, programledaren Simon Isaksson, producenten David Svanberg och teknikern Peter Arvidsson. Vad? Trots bes\u00f6k av koranbr\u00e4nnaren Rasmus Paludan drabbades inte invandrart\u00e4ta R\u00e5sl\u00e4tt i J\u00f6nk\u00f6ping av den sortens kravaller som f\u00f6rekom p\u00e5 andra platser. Ist\u00e4llet var det en pr\u00e4st som polisen fick gripa in mot sedan han st\u00f6rt Paludan [&hellip;]<\/p>\n","protected":false},"author":19,"featured_media":1064,"comment_status":"closed","ping_status":"closed","sticky":false,"template":"","format":"standard","meta":{"_monsterinsights_skip_tracking":false,"_monsterinsights_sitenote_active":false,"_monsterinsights_sitenote_note":"","_monsterinsights_sitenote_category":0,"footnotes":""},"categories":[41,48],"tags":[122,130],"class_list":["post-1063","post","type-post","status-publish","format-standard","has-post-thumbnail","hentry","category-kyrkligt","category-podcast","tag-p4-jonkoping","tag-p4-story"],"_links":{"self":[{"href":"https:\/\/fojo.se\/lokalt\/wp-json\/wp\/v2\/posts\/1063","targetHints":{"allow":["GET"]}}],"collection":[{"href":"https:\/\/fojo.se\/lokalt\/wp-json\/wp\/v2\/posts"}],"about":[{"href":"https:\/\/fojo.se\/lokalt\/wp-json\/wp\/v2\/types\/post"}],"author":[{"embeddable":true,"href":"https:\/\/fojo.se\/lokalt\/wp-json\/wp\/v2\/users\/19"}],"replies":[{"embeddable":true,"href":"https:\/\/fojo.se\/lokalt\/wp-json\/wp\/v2\/comments?post=1063"}],"version-history":[{"count":0,"href":"https:\/\/fojo.se\/lokalt\/wp-json\/wp\/v2\/posts\/1063\/revisions"}],"wp:featuredmedia":[{"embeddable":true,"href":"https:\/\/fojo.se\/lokalt\/wp-json\/wp\/v2\/media\/1064"}],"wp:attachment":[{"href":"https:\/\/fojo.se\/lokalt\/wp-json\/wp\/v2\/media?parent=1063"}],"wp:term":[{"taxonomy":"category","embeddable":true,"href":"https:\/\/fojo.se\/lokalt\/wp-json\/wp\/v2\/categories?post=1063"},{"taxonomy":"post_tag","embeddable":true,"href":"https:\/\/fojo.se\/lokalt\/wp-json\/wp\/v2\/tags?post=1063"}],"curies":[{"name":"wp","href":"https:\/\/api.w.org\/{rel}","templated":true}]}}