{"id":83,"date":"2024-04-23T12:08:30","date_gmt":"2024-04-23T10:08:30","guid":{"rendered":"https:\/\/fojo.se\/impact\/?p=83"},"modified":"2024-06-04T13:20:12","modified_gmt":"2024-06-04T11:20:12","slug":"fackforbundet-i-vastra-balkan-satsar-pa-psykologiskt-stod-till-journalister","status":"publish","type":"post","link":"https:\/\/fojo.se\/impact\/fackforbundet-i-vastra-balkan-satsar-pa-psykologiskt-stod-till-journalister\/","title":{"rendered":"Fackf\u00f6rbundet i V\u00e4stra Balkan satsar p\u00e5 psykologiskt st\u00f6d till journalister\u00a0"},"content":{"rendered":"\n<p class=\"ingress\"><strong>Stress, utbr\u00e4ndhet, \u00e5ngest och s\u00f6mnproblem. Psykologsamtalen p\u00e5 \u201cTrade Union of Media Montenegro\u201d \u00e4r vanligtvis fullbokade. Hit s\u00f6ker sig journalister f\u00f6r att tillsammans med en psykolog bearbeta effekterna av en sv\u00e5r arbetsmilj\u00f6. Samtalen \u00e4r ett av flera av de initiativ som Fojo st\u00f6jder f\u00f6r journalister i V\u00e4stra Balkanregionen och en del av ett st\u00f6rre arbete f\u00f6r att f\u00f6rb\u00e4ttra arbetsvillkoren f\u00f6r mediearbetare<\/strong>\u00a0<\/p>\n\n\n\n<p>M\u00e5nga av medlemmarna i fackf\u00f6reningen brottas med f\u00f6r f\u00e5 eller f\u00f6r l\u00e5nga arbetstider, pressen av att hantera och rapportera om k\u00e4nsliga, traumatiska \u00e4mnen eller en stressig arbetsmilj\u00f6 p\u00e5 redaktionen. Problemen leder inte s\u00e4llan till utbr\u00e4ndhet, \u00e5ngest och s\u00f6mnsv\u00e5righeter. Som p\u00e5 m\u00e5nga platser runt om i v\u00e4rlden m\u00f6ts journalister i V\u00e4stra Balkan ocks\u00e5 regelbundet av trakasserier, smutskastningskampanjer och p\u00e5tryckningar fr\u00e5n politiska akt\u00f6rer och andra makthavare. Hot mot journalisternas s\u00e4kerhet har l\u00e4nge varit en oro.&nbsp;&nbsp;<\/p>\n\n\n\n<p>\u2013 Vi \u00e4r \u00f6vertygade om att verklig mediefrihet h\u00e4nger p\u00e5 v\u00e4lbefinnandet och friheten hos dem som levererar den \u2013 journalisterna och mediearbetarna. Tyv\u00e4rr brottas journalister i Montenegro med l\u00e5ga l\u00f6ner, attacker och psykisk belastning. Det \u00e4r avg\u00f6rande att arbetsgivarna erk\u00e4nner och hanterar dessa utmaningar, s\u00e4ger Dra\u017een \u0110ura\u0161kovi\u0107, expert p\u00e5 \u201cTrade Union of Media Montenegro\u201d, landets st\u00f6rsta medlemsbaserade fackf\u00f6rening f\u00f6r branschen med \u00f6ver sju hundra medlemmar.\u00a0\u00a0<\/p>\n\n\n\n<p>Dra\u017een \u0110ura\u0161kovi\u0107 och hans team har arbetat med flera \u00e5tg\u00e4rder f\u00f6r att s\u00e4kerst\u00e4lla v\u00e4lbefinnandet f\u00f6r journalister och mediearbetare. Han ser det som en investering i att skydda mediefriheten och st\u00e4rka mediernas h\u00e5llbarhet. Genom sitt samarbete med Fojo har de framg\u00e5ngsrikt inf\u00f6rt ett program som ger \u00f6ver hundra medieprofessionella landets f\u00f6rsta omfattande psykologiska st\u00f6dsystem.&nbsp;<\/p>\n\n\n\n<p>\u2013 Vi har etablerat kontaktpersoner som \u00e4r utbildade f\u00f6r att hj\u00e4lpa kollegor som st\u00e5r inf\u00f6r utmaningar i sitt yrke som journalist. Vi erbjuder ocks\u00e5 individuella r\u00e5dgivningssessioner, behovet \u00e4r stort eftersom bokningschemat n\u00e4stan alltid \u00e4r fullt. Dessutom driver vi en sj\u00e4lvhj\u00e4lpsgrupp som tr\u00e4ffas varje m\u00e5nad under handledning av en psykolog och kommer att forts\u00e4tta genom att utveckla en handbok f\u00f6r f\u00f6rsta hj\u00e4lpen inom psykologi, s\u00e4ger Dra\u017een \u0110ura\u0161kovi\u0107 som kommer att forts\u00e4tta att utveckla och arbeta med att f\u00f6rb\u00e4ttra st\u00f6det inom mediegemenskapen.<\/p>\n","protected":false},"excerpt":{"rendered":"<p>Stress, utbr\u00e4ndhet, \u00e5ngest och s\u00f6mnproblem. Psykologsamtalen p\u00e5 \u201cTrade Union of Media Montenegro\u201d \u00e4r vanligtvis fullbokade. Hit s\u00f6ker sig journalister f\u00f6r att tillsammans med en psykolog bearbeta effekterna av en sv\u00e5r arbetsmilj\u00f6. Samtalen \u00e4r ett av flera av de initiativ som Fojo st\u00f6jder f\u00f6r journalister i V\u00e4stra Balkanregionen och en del av ett st\u00f6rre arbete f\u00f6r [&hellip;]<\/p>\n","protected":false},"author":7,"featured_media":85,"comment_status":"open","ping_status":"open","sticky":false,"template":"","format":"standard","meta":{"_monsterinsights_skip_tracking":false,"_monsterinsights_sitenote_active":false,"_monsterinsights_sitenote_note":"","_monsterinsights_sitenote_category":0,"footnotes":""},"categories":[4],"tags":[43,39,40,42],"class_list":["post-83","post","type-post","status-publish","format-standard","has-post-thumbnail","hentry","category-sv","tag-balkan","tag-hallbarhet","tag-lokala-nyheter","tag-regional-natverkande"],"_links":{"self":[{"href":"https:\/\/fojo.se\/impact\/wp-json\/wp\/v2\/posts\/83","targetHints":{"allow":["GET"]}}],"collection":[{"href":"https:\/\/fojo.se\/impact\/wp-json\/wp\/v2\/posts"}],"about":[{"href":"https:\/\/fojo.se\/impact\/wp-json\/wp\/v2\/types\/post"}],"author":[{"embeddable":true,"href":"https:\/\/fojo.se\/impact\/wp-json\/wp\/v2\/users\/7"}],"replies":[{"embeddable":true,"href":"https:\/\/fojo.se\/impact\/wp-json\/wp\/v2\/comments?post=83"}],"version-history":[{"count":3,"href":"https:\/\/fojo.se\/impact\/wp-json\/wp\/v2\/posts\/83\/revisions"}],"predecessor-version":[{"id":872,"href":"https:\/\/fojo.se\/impact\/wp-json\/wp\/v2\/posts\/83\/revisions\/872"}],"wp:featuredmedia":[{"embeddable":true,"href":"https:\/\/fojo.se\/impact\/wp-json\/wp\/v2\/media\/85"}],"wp:attachment":[{"href":"https:\/\/fojo.se\/impact\/wp-json\/wp\/v2\/media?parent=83"}],"wp:term":[{"taxonomy":"category","embeddable":true,"href":"https:\/\/fojo.se\/impact\/wp-json\/wp\/v2\/categories?post=83"},{"taxonomy":"post_tag","embeddable":true,"href":"https:\/\/fojo.se\/impact\/wp-json\/wp\/v2\/tags?post=83"}],"curies":[{"name":"wp","href":"https:\/\/api.w.org\/{rel}","templated":true}]}}