{"id":113,"date":"2024-04-23T12:42:26","date_gmt":"2024-04-23T10:42:26","guid":{"rendered":"https:\/\/fojo.se\/impact\/?p=113"},"modified":"2024-06-04T12:12:30","modified_gmt":"2024-06-04T10:12:30","slug":"att-bygga-broar-mellan-akademi-och-praktik-for-en-stark-mediesektor","status":"publish","type":"post","link":"https:\/\/fojo.se\/impact\/att-bygga-broar-mellan-akademi-och-praktik-for-en-stark-mediesektor\/","title":{"rendered":"En brygga mellan akademi och praktik f\u00f6r en stark mediesektor\u00a0"},"content":{"rendered":"\n<p class=\"ingress\"><strong>Medieinstitutet Fojo har alltid haft en stark f\u00f6rankring i den journalistiska praktiken och verkat i n\u00e4rheten av akademin. Som en tydlig del av Linn\u00e9universitetet (LNU) och Fakulteten f\u00f6r konst och humaniora (FKH) kan Fojo p\u00e5 m\u00e5nga olika s\u00e4tt bidra till samverkan kring utbildning och forskning som kan vara avg\u00f6rande f\u00f6r en stark och livskraftig mediebransch.<\/strong>\u00a0<\/p>\n\n\n\n<p>Fojo har under \u00e5ret intensifierat samarbetet med universitetet p\u00e5 flera fronter. Tillsammans med Institutionen f\u00f6r media och journalistik har Fojo tagit fram en kurs i internationell medieutveckling som ges under 2024. Samarbetet syftar till att utveckla relevanta och framtidss\u00e4kra utbildningar, stimulera forskning och skapa en plattform f\u00f6r dialog och utbyte mellan akademiker och yrkesverksamma journalister.&nbsp;<\/p>\n\n\n\n<p>Andreas \u00d6nnerfors, professor i id\u00e9- och l\u00e4rdomshistoria tillika projektledare f\u00f6r Faktajouren, ser tydliga f\u00f6rdelar med Fojos starka f\u00f6rankring i praktiken.\u00a0<\/p>\n\n\n\n<p>\u2013 Fojos praktiska perspektiv p\u00e5 journalistiken \u00e4r ov\u00e4rderligt i diskussionen om lokaljournalistikens roll i den lokala demokratin till exempel. Jag ser ofta liknande exempel p\u00e5 hur v\u00e5ra unika insikter fr\u00e5n verkligheten ger en djupare f\u00f6rst\u00e5else f\u00f6r de utmaningar och m\u00f6jligheter som journalistiken st\u00e5r inf\u00f6r idag och bidrar med verklighet och tyngd till forskningen.\u00a0\u00a0<\/p>\n\n\n\n<p>Samarbetet \u00e4r en del av en st\u00f6rre satsning p\u00e5 medieforskning vid Linn\u00e9universitetet. En akademisk hub f\u00f6r mediefr\u00e5gor, Linnaeus Media Observatory, har etablerats under \u00e5ret med Fojo som en av tre akt\u00f6rer. Hubben kommer att fokusera p\u00e5 medierelaterad forskning, praktik och utveckling.&nbsp;<\/p>\n\n\n\n<p>Fojo har ocks\u00e5, med st\u00f6d av IfDem, underh\u00e5llit ett digitalt arkiv f\u00f6r lokaljournalister och fortsatt utgivningen av ett nyhetsbrev som samlar den b\u00e4sta lokaljournalistiken fr\u00e5n hela Sverige med syfte att inspirera till \u00e4nnu b\u00e4ttre lokaljournalistik. Genom att samla akademins och praktikens kraft hoppas Fojo och universitetet bidra till en starkare och mer framtidss\u00e4ker journalistik.&nbsp;<\/p>\n\n\n\n<p><strong>Tv\u00e5 nya skriftserier<\/strong>&nbsp;<\/p>\n\n\n\n<p>\u00c5r 2023 \u00e5terlanserades Fojo:s skriftserie i tv\u00e5 format; en f\u00f6r rapporter, \u201cFojo study series\u201d och en f\u00f6r kortare papers, &#8220;Fojo media insights&#8221; d\u00e4r rapporter publicerade i samverkan med partner kvalitetss\u00e4kras och g\u00f6rs tillg\u00e4ngliga via Digitala Vetenskapliga Arkivet f\u00f6r \u00f6kad tillg\u00e4nglighet och sp\u00e5rbarhet.&nbsp;&nbsp;&nbsp;<\/p>\n\n\n\n<p><strong>Vad \u00e4r IfDem?&nbsp;<\/strong>&nbsp;<\/p>\n\n\n\n<p>En ifr\u00e5gasatt demokratis vision \u00e4r att bidra med id\u00e9er, m\u00f6tesplatser och ny kunskap f\u00f6r att m\u00f6ta de utmaningar den svenska demokratin st\u00e5r inf\u00f6r idag, med syftet att demokratiska v\u00e4rderingar ska f\u00e5 en starkare f\u00f6rankring bland medborgarna. Tillsammans med Kunskapsmilj\u00f6 Linn\u00e9, d\u00e4r IfDem ing\u00e5r, unders\u00f6ker Fojo villkoren f\u00f6r det offentliga samtalet och den politiska nyhetsrapporteringen.&nbsp;<\/p>\n\n\n\n<p><strong>Vad \u00e4r LMO?&nbsp;<\/strong>&nbsp;<\/p>\n\n\n\n<p>Bildandet av Linnaeus Media Observatory (LMO) har initierats och p\u00e5g\u00e5tt under 2023. LMO \u00e4r en flervetenskaplig plattform f\u00f6r forskning, praktik och produktion inom medieomr\u00e5det vars&nbsp; syfte \u00e4r att \u00f6ka samskapande inom LNU, men ocks\u00e5 bredda kontaktytorna f\u00f6r samverkan ut\u00e5t. B\u00e5da aspekterna handlar om att kunna s\u00f6ka medel f\u00f6r och genomf\u00f6ra projekt f\u00f6r en bredare m\u00e5lgrupp.&nbsp;<\/p>\n","protected":false},"excerpt":{"rendered":"<p>Medieinstitutet Fojo har alltid haft en stark f\u00f6rankring i den journalistiska praktiken och verkat i n\u00e4rheten av akademin. Nu som en tydlig del av Linn\u00e9universitetet (LNU) och Fakulteten f\u00f6r konst och humaniora (FKH) kan Fojo p\u00e5 m\u00e5nga olika s\u00e4tt bidra till samverkan kring utbildning och forskning som kan vara avg\u00f6rande f\u00f6r en stark och livskraftig mediebransch.\u00a0<\/p>\n","protected":false},"author":7,"featured_media":114,"comment_status":"open","ping_status":"open","sticky":false,"template":"","format":"standard","meta":{"_monsterinsights_skip_tracking":false,"_monsterinsights_sitenote_active":false,"_monsterinsights_sitenote_note":"","_monsterinsights_sitenote_category":0,"footnotes":""},"categories":[4],"tags":[51,53,52,41],"class_list":["post-113","post","type-post","status-publish","format-standard","has-post-thumbnail","hentry","category-sv","tag-forskning","tag-lnu","tag-samverkan","tag-utbildning"],"_links":{"self":[{"href":"https:\/\/fojo.se\/impact\/wp-json\/wp\/v2\/posts\/113","targetHints":{"allow":["GET"]}}],"collection":[{"href":"https:\/\/fojo.se\/impact\/wp-json\/wp\/v2\/posts"}],"about":[{"href":"https:\/\/fojo.se\/impact\/wp-json\/wp\/v2\/types\/post"}],"author":[{"embeddable":true,"href":"https:\/\/fojo.se\/impact\/wp-json\/wp\/v2\/users\/7"}],"replies":[{"embeddable":true,"href":"https:\/\/fojo.se\/impact\/wp-json\/wp\/v2\/comments?post=113"}],"version-history":[{"count":3,"href":"https:\/\/fojo.se\/impact\/wp-json\/wp\/v2\/posts\/113\/revisions"}],"predecessor-version":[{"id":865,"href":"https:\/\/fojo.se\/impact\/wp-json\/wp\/v2\/posts\/113\/revisions\/865"}],"wp:featuredmedia":[{"embeddable":true,"href":"https:\/\/fojo.se\/impact\/wp-json\/wp\/v2\/media\/114"}],"wp:attachment":[{"href":"https:\/\/fojo.se\/impact\/wp-json\/wp\/v2\/media?parent=113"}],"wp:term":[{"taxonomy":"category","embeddable":true,"href":"https:\/\/fojo.se\/impact\/wp-json\/wp\/v2\/categories?post=113"},{"taxonomy":"post_tag","embeddable":true,"href":"https:\/\/fojo.se\/impact\/wp-json\/wp\/v2\/tags?post=113"}],"curies":[{"name":"wp","href":"https:\/\/api.w.org\/{rel}","templated":true}]}}