{"id":104,"date":"2024-04-23T12:31:14","date_gmt":"2024-04-23T10:31:14","guid":{"rendered":"https:\/\/fojo.se\/impact\/?p=104"},"modified":"2024-06-04T11:51:55","modified_gmt":"2024-06-04T09:51:55","slug":"unikt-skandinaviskt-samarbete-infor-cop-28","status":"publish","type":"post","link":"https:\/\/fojo.se\/impact\/unikt-skandinaviskt-samarbete-infor-cop-28\/","title":{"rendered":"Unikt skandinaviskt samarbete inf\u00f6r COP 28\u00a0\u00a0"},"content":{"rendered":"\t\t<div data-elementor-type=\"wp-post\" data-elementor-id=\"104\" class=\"elementor elementor-104\" data-elementor-post-type=\"post\">\n\t\t\t\t<div class=\"elementor-element elementor-element-119e4deb e-flex e-con-boxed e-con e-parent\" data-id=\"119e4deb\" data-element_type=\"container\" data-e-type=\"container\">\n\t\t\t\t\t<div class=\"e-con-inner\">\n\t\t\t\t<div class=\"elementor-element elementor-element-750a8af9 elementor-widget elementor-widget-text-editor\" data-id=\"750a8af9\" data-element_type=\"widget\" data-e-type=\"widget\" data-widget_type=\"text-editor.default\">\n\t\t\t\t<div class=\"elementor-widget-container\">\n\t\t\t\t\t\t\t\t\t<p class=\"ingress\">F\u00f6r att f\u00f6rbereda journalister inf\u00f6r COP 28 i Dubai (den 28:e sessionen av FN:s h\u00f6gniv\u00e5m\u00f6te f\u00f6r att hantera klimatf\u00f6r\u00e4ndringar, begr\u00e4nsa utsl\u00e4pp och skydda milj\u00f6n) arrangerade Fojo en unik f\u00f6rberedelsedag i samarbete med Nordisk Journalistcenter i \u00c5rhus, Danmark, och Instituttet for journalistikk i Norge. B\u00e5da dessa organisationer har likt Fojo i uppdrag att erbjuda fortbildning f\u00f6r journalister.<\/p>\t\t\t\t\t\t\t\t<\/div>\n\t\t\t\t<\/div>\n\t\t\t\t<div class=\"elementor-element elementor-element-cccf29d elementor-widget elementor-widget-text-editor\" data-id=\"cccf29d\" data-element_type=\"widget\" data-e-type=\"widget\" data-widget_type=\"text-editor.default\">\n\t\t\t\t<div class=\"elementor-widget-container\">\n\t\t\t\t\t\t\t\t\t\n<p>Evenemanget genomf\u00f6rdes i hybridform d\u00e4r journalister fr\u00e5n \u00c5rhus, Oslo och Stockholm deltog p\u00e5 plats i respektive land. Representanter fr\u00e5n de tre skandinaviska regeringarna medverkade och presenterade sina synpunkter p\u00e5 COP 28-diskussionerna och sina respektive fokus och f\u00f6rhoppningar inf\u00f6r samtalen.\u00a0\u00a0<\/p>\n\n<p>Klimatministrarna fr\u00e5n Norge, Espen Bart Eide, och Danmark, Dan J\u00f6rgensen, deltog, liksom den svenska chefsf\u00f6rhandlaren f\u00f6r COP-talks (och \u201cklimatambassad\u00f6r\u201d) Mattias Frumerie. Kurt Vandenberghe, den nyutn\u00e4mnde generaldirekt\u00f6ren f\u00f6r DG Clima (EU:s klimatministerium), deltog ocks\u00e5 och diskuterade EU:s st\u00e5ndpunkt inf\u00f6r COP 28 med de skandinaviska journalisterna. Syftet med dagen var ocks\u00e5 f\u00f6r de nordiska journalisterna att f\u00e5 insyn i \u00f6vriga skandinaviska l\u00e4nders klimatpolitik.\u00a0\u00a0<\/p>\n\n<p>Dagen inkluderade \u00e4ven praktiska id\u00e9er om hur man b\u00e4st kan bevaka klimatdiskussionerna, bland annat deltog Fiona Harvey fr\u00e5n The Guardian, som prisats f\u00f6r sin bevakning av COP 26. Inf\u00f6r COP 29 planeras en liknande hybridkurs.\u00a0\u00a0<\/p>\n\t\t\t\t\t\t\t\t<\/div>\n\t\t\t\t<\/div>\n\t\t\t\t\t<\/div>\n\t\t\t\t<\/div>\n\t\t<div class=\"elementor-element elementor-element-56533f7 e-flex e-con-boxed e-con e-parent\" data-id=\"56533f7\" data-element_type=\"container\" data-e-type=\"container\">\n\t\t\t\t\t<div class=\"e-con-inner\">\n\t\t<div class=\"elementor-element elementor-element-0941c6a e-con-full e-flex e-con e-child\" data-id=\"0941c6a\" data-element_type=\"container\" data-e-type=\"container\">\n\t\t\t\t<div class=\"elementor-element elementor-element-952d617 elementor-widget elementor-widget-image\" data-id=\"952d617\" data-element_type=\"widget\" data-e-type=\"widget\" data-widget_type=\"image.default\">\n\t\t\t\t<div class=\"elementor-widget-container\">\n\t\t\t\t\t\t\t\t\t\t\t\t\t\t\t<img fetchpriority=\"high\" decoding=\"async\" width=\"1200\" height=\"800\" src=\"https:\/\/fojo.se\/impact\/wp-content\/uploads\/sites\/9\/2024\/04\/Anna-Maris-web-1.jpg\" class=\"attachment-full size-full wp-image-102\" alt=\"\" srcset=\"https:\/\/fojo.se\/impact\/wp-content\/uploads\/sites\/9\/2024\/04\/Anna-Maris-web-1.jpg 1200w, https:\/\/fojo.se\/impact\/wp-content\/uploads\/sites\/9\/2024\/04\/Anna-Maris-web-1-300x200.jpg 300w, https:\/\/fojo.se\/impact\/wp-content\/uploads\/sites\/9\/2024\/04\/Anna-Maris-web-1-1024x683.jpg 1024w, https:\/\/fojo.se\/impact\/wp-content\/uploads\/sites\/9\/2024\/04\/Anna-Maris-web-1-768x512.jpg 768w\" sizes=\"(max-width: 1200px) 100vw, 1200px\" \/>\t\t\t\t\t\t\t\t\t\t\t\t\t\t\t<\/div>\n\t\t\t\t<\/div>\n\t\t\t\t<\/div>\n\t\t<div class=\"elementor-element elementor-element-a572b9f e-con-full e-flex e-con e-child\" data-id=\"a572b9f\" data-element_type=\"container\" data-e-type=\"container\">\n\t\t\t\t<div class=\"elementor-element elementor-element-5afe2dd elementor-widget elementor-widget-heading\" data-id=\"5afe2dd\" data-element_type=\"widget\" data-e-type=\"widget\" data-widget_type=\"heading.default\">\n\t\t\t\t<div class=\"elementor-widget-container\">\n\t\t\t\t\t<h5 class=\"elementor-heading-title elementor-size-default\">Fojos klimatarbete nu och fram\u00e5t<\/h5>\t\t\t\t<\/div>\n\t\t\t\t<\/div>\n\t\t\t\t<div class=\"elementor-element elementor-element-c4075ae elementor-widget elementor-widget-button\" data-id=\"c4075ae\" data-element_type=\"widget\" data-e-type=\"widget\" data-widget_type=\"button.default\">\n\t\t\t\t<div class=\"elementor-widget-container\">\n\t\t\t\t\t\t\t\t\t<div class=\"elementor-button-wrapper\">\n\t\t\t\t\t<a class=\"elementor-button elementor-button-link elementor-size-sm\" href=\"#\">\n\t\t\t\t\t\t<span class=\"elementor-button-content-wrapper\">\n\t\t\t\t\t\t<span class=\"elementor-button-icon\">\n\t\t\t\t<svg aria-hidden=\"true\" class=\"e-font-icon-svg e-fas-long-arrow-alt-right\" viewBox=\"0 0 448 512\" xmlns=\"http:\/\/www.w3.org\/2000\/svg\"><path d=\"M313.941 216H12c-6.627 0-12 5.373-12 12v56c0 6.627 5.373 12 12 12h301.941v46.059c0 21.382 25.851 32.09 40.971 16.971l86.059-86.059c9.373-9.373 9.373-24.569 0-33.941l-86.059-86.059c-15.119-15.119-40.971-4.411-40.971 16.971V216z\"><\/path><\/svg>\t\t\t<\/span>\n\t\t\t\t\t\t\t\t\t<span class=\"elementor-button-text\">L\u00e4s mer<\/span>\n\t\t\t\t\t<\/span>\n\t\t\t\t\t<\/a>\n\t\t\t\t<\/div>\n\t\t\t\t\t\t\t\t<\/div>\n\t\t\t\t<\/div>\n\t\t\t\t<\/div>\n\t\t\t\t\t<\/div>\n\t\t\t\t<\/div>\n\t\t\t\t<\/div>\n\t\t","protected":false},"excerpt":{"rendered":"<p>F\u00f6r att f\u00f6rbereda journalister inf\u00f6r COP 28 i Dubai arrangerade Fojo en unik f\u00f6rberedelsedag i samarbete med Nordisk Journalist Center i \u00c5rhus, Danmark, och Instituttet for journalistikk i Norge. <\/p>\n","protected":false},"author":7,"featured_media":106,"comment_status":"open","ping_status":"open","sticky":false,"template":"","format":"standard","meta":{"_monsterinsights_skip_tracking":false,"_monsterinsights_sitenote_active":false,"_monsterinsights_sitenote_note":"","_monsterinsights_sitenote_category":0,"footnotes":""},"categories":[4],"tags":[39,49],"class_list":["post-104","post","type-post","status-publish","format-standard","has-post-thumbnail","hentry","category-sv","tag-hallbarhet","tag-klimat"],"_links":{"self":[{"href":"https:\/\/fojo.se\/impact\/wp-json\/wp\/v2\/posts\/104","targetHints":{"allow":["GET"]}}],"collection":[{"href":"https:\/\/fojo.se\/impact\/wp-json\/wp\/v2\/posts"}],"about":[{"href":"https:\/\/fojo.se\/impact\/wp-json\/wp\/v2\/types\/post"}],"author":[{"embeddable":true,"href":"https:\/\/fojo.se\/impact\/wp-json\/wp\/v2\/users\/7"}],"replies":[{"embeddable":true,"href":"https:\/\/fojo.se\/impact\/wp-json\/wp\/v2\/comments?post=104"}],"version-history":[{"count":19,"href":"https:\/\/fojo.se\/impact\/wp-json\/wp\/v2\/posts\/104\/revisions"}],"predecessor-version":[{"id":852,"href":"https:\/\/fojo.se\/impact\/wp-json\/wp\/v2\/posts\/104\/revisions\/852"}],"wp:featuredmedia":[{"embeddable":true,"href":"https:\/\/fojo.se\/impact\/wp-json\/wp\/v2\/media\/106"}],"wp:attachment":[{"href":"https:\/\/fojo.se\/impact\/wp-json\/wp\/v2\/media?parent=104"}],"wp:term":[{"taxonomy":"category","embeddable":true,"href":"https:\/\/fojo.se\/impact\/wp-json\/wp\/v2\/categories?post=104"},{"taxonomy":"post_tag","embeddable":true,"href":"https:\/\/fojo.se\/impact\/wp-json\/wp\/v2\/tags?post=104"}],"curies":[{"name":"wp","href":"https:\/\/api.w.org\/{rel}","templated":true}]}}