{"id":101,"date":"2024-04-23T12:29:20","date_gmt":"2024-04-23T10:29:20","guid":{"rendered":"https:\/\/fojo.se\/impact\/?p=101"},"modified":"2024-05-27T16:46:31","modified_gmt":"2024-05-27T14:46:31","slug":"fojos-klimatarbete-nu-och-framat","status":"publish","type":"post","link":"https:\/\/fojo.se\/impact\/fojos-klimatarbete-nu-och-framat\/","title":{"rendered":"Fojos klimatarbete nu och fram\u00e5t\u00a0"},"content":{"rendered":"\t\t<div data-elementor-type=\"wp-post\" data-elementor-id=\"101\" class=\"elementor elementor-101\" data-elementor-post-type=\"post\">\n\t\t\t\t<div class=\"elementor-element elementor-element-32648865 e-flex e-con-boxed e-con e-parent\" data-id=\"32648865\" data-element_type=\"container\" data-e-type=\"container\">\n\t\t\t\t\t<div class=\"e-con-inner\">\n\t\t\t\t<div class=\"elementor-element elementor-element-74aaffc5 elementor-widget elementor-widget-text-editor\" data-id=\"74aaffc5\" data-element_type=\"widget\" data-e-type=\"widget\" data-widget_type=\"text-editor.default\">\n\t\t\t\t<div class=\"elementor-widget-container\">\n\t\t\t\t\t\t\t\t\t\n<p class=\"ingress\"><strong>Under 2023 har Fojos interna h\u00e5llbarhetsarbete intensifierats. En av flera nyckelinsatser som gjorts \u00e4r att det interna resandet har analyserats utifr\u00e5n dess klimatp\u00e5verkan. En annan har varit att skapa ett kunskapslyft inom vad FN:s globala m\u00e5l faktiskt inneb\u00e4r i det dagliga livet som journalist. M\u00e5let \u00e4r att krav som st\u00e4lls externt redan ska vara testade internt innan de implementeras.\u00a0<\/strong><\/p>\n\t\t\t\t\t\t\t\t<\/div>\n\t\t\t\t<\/div>\n\t\t\t\t<div class=\"elementor-element elementor-element-aea73d8 elementor-widget elementor-widget-text-editor\" data-id=\"aea73d8\" data-element_type=\"widget\" data-e-type=\"widget\" data-widget_type=\"text-editor.default\">\n\t\t\t\t<div class=\"elementor-widget-container\">\n\t\t\t\t\t\t\t\t\t\n<p>Flygresor \u00e4r den mest koldioxidintensiva transportformen och resor f\u00f6r arbete kan utg\u00f6ra en stor del av en organisations totala koldioxidutsl\u00e4pp.\u00a0\u00a0<\/p>\n\n<p>\u2013 Vi vill visa v\u00e4gen med v\u00e5rt interna h\u00e5llbarhetsarbete och vara r\u00e4ttvisa mot v\u00e5ra partnerorganisationer som inte alls har samma klimatavtryck som vi har. Skillnaderna mellan v\u00e4sts milj\u00f6p\u00e5verkan och den i globala syd \u00e4r stor. Om vi ska tas p\u00e5 allvar i v\u00e5rt externa arbete med h\u00e5llbarhet m\u00e5ste vi v\u00e5ga visa v\u00e4gen internt, s\u00e4ger Anna Maris, projektledare f\u00f6r Fojos h\u00e5llbarhetsarbete.\u00a0<\/p>\n\t\t\t\t\t\t\t\t<\/div>\n\t\t\t\t<\/div>\n\t\t\t\t<div class=\"elementor-element elementor-element-9653f97 elementor-widget elementor-widget-image\" data-id=\"9653f97\" data-element_type=\"widget\" data-e-type=\"widget\" data-widget_type=\"image.default\">\n\t\t\t\t<div class=\"elementor-widget-container\">\n\t\t\t\t\t\t\t\t\t\t\t\t<figure class=\"wp-caption\">\n\t\t\t\t\t\t\t\t\t\t\t<a href=\"https:\/\/fojo.se\/impact\/wp-content\/uploads\/sites\/9\/2024\/04\/Anna-Maris-web-1.jpg\" data-elementor-open-lightbox=\"yes\" data-elementor-lightbox-description=\"Anna Maris \u00e4r projektledare f\u00f6r Fojos h\u00e5llbarhetsarbete. \" data-e-action-hash=\"#elementor-action%3Aaction%3Dlightbox%26settings%3DeyJpZCI6MTAyLCJ1cmwiOiJodHRwczpcL1wvZm9qby5zZVwvaW1wYWN0XC93cC1jb250ZW50XC91cGxvYWRzXC9zaXRlc1wvOVwvMjAyNFwvMDRcL0FubmEtTWFyaXMtd2ViLTEuanBnIn0%3D\">\n\t\t\t\t\t\t\t<img fetchpriority=\"high\" decoding=\"async\" width=\"1200\" height=\"800\" src=\"https:\/\/fojo.se\/impact\/wp-content\/uploads\/sites\/9\/2024\/04\/Anna-Maris-web-1.jpg\" class=\"attachment-full size-full wp-image-102\" alt=\"\" srcset=\"https:\/\/fojo.se\/impact\/wp-content\/uploads\/sites\/9\/2024\/04\/Anna-Maris-web-1.jpg 1200w, https:\/\/fojo.se\/impact\/wp-content\/uploads\/sites\/9\/2024\/04\/Anna-Maris-web-1-300x200.jpg 300w, https:\/\/fojo.se\/impact\/wp-content\/uploads\/sites\/9\/2024\/04\/Anna-Maris-web-1-1024x683.jpg 1024w, https:\/\/fojo.se\/impact\/wp-content\/uploads\/sites\/9\/2024\/04\/Anna-Maris-web-1-768x512.jpg 768w\" sizes=\"(max-width: 1200px) 100vw, 1200px\" \/>\t\t\t\t\t\t\t\t<\/a>\n\t\t\t\t\t\t\t\t\t\t\t<figcaption class=\"widget-image-caption wp-caption-text\">Anna Maris \u00e4r projektledare f\u00f6r Fojos h\u00e5llbarhetsarbete. <\/figcaption>\n\t\t\t\t\t\t\t\t\t\t<\/figure>\n\t\t\t\t\t\t\t\t\t<\/div>\n\t\t\t\t<\/div>\n\t\t\t\t<div class=\"elementor-element elementor-element-ea68780 elementor-widget elementor-widget-text-editor\" data-id=\"ea68780\" data-element_type=\"widget\" data-e-type=\"widget\" data-widget_type=\"text-editor.default\">\n\t\t\t\t<div class=\"elementor-widget-container\">\n\t\t\t\t\t\t\t\t\t\n<p>Ett av fokusomr\u00e5dena har varit att reducera det interna resandet. Vid en workshop i maj 2023 togs n\u00e5gra grundl\u00e4ggande principer f\u00f6r resande fram och under 2024 g\u00f6rs en skarp implementering av koldioxidbudgetar p\u00e5 projektniv\u00e5 och i vissa fall \u00e4ven p\u00e5 individniv\u00e5.\u00a0<\/p>\n\n<p>\u2013 Det kanske kan ses som en liten grej, men det \u00e4r en del av ett st\u00f6rre sammanhang som handlar om hur man m\u00e5ste f\u00f6r\u00e4ndra sj\u00e4lva systemen, \u00e4ven i sm\u00e5 organisationer, f\u00f6r att skapa en st\u00f6rre medvetenhet kring h\u00e5llbarhet och milj\u00f6p\u00e5verkan, s\u00e4ger Anna Maris.\u00a0<\/p>\n\n<p>H\u00e5llbarhetsm\u00e4rkning av Fojos egna kurser har varit en annan viktig insats under \u00e5ret. Fojos kursledare har f\u00e5tt utbildning i de globala m\u00e5len och i h\u00e5llbar journalistik. Under 2024 kommer arbetet med att h\u00e5llbarhetscertifiera kurserna mot de globala m\u00e5len att skalas upp f\u00f6r att leverera fortbildning som svarar mot dem.\u00a0\u00a0<\/p>\n\n<p>\u2013 Det handlar om att kursledarna ska kunna inspirera Fojos kursdeltagare att vilja agera sj\u00e4lva utifr\u00e5n h\u00e5llbarhetsagendan och g\u00f6ra dem medvetna, s\u00e5 att de kan f\u00f6rst\u00e5 och granska agendan f\u00f6r att kunna g\u00f6ra b\u00e4ttre journalistik. Kursledarna har tydligare kopplat sina kursmoment till de globala m\u00e5len och de har l\u00e4rt sig att synligg\u00f6ra h\u00e5llbarhetsm\u00e5len f\u00f6r sig sj\u00e4lva och sina kursdeltagare, f\u00f6rklarar Anna Maris.<\/p>\n\t\t\t\t\t\t\t\t<\/div>\n\t\t\t\t<\/div>\n\t\t\t\t\t<\/div>\n\t\t\t\t<\/div>\n\t\t\t\t<\/div>\n\t\t","protected":false},"excerpt":{"rendered":"<p>Under 2023 har Fojos interna h\u00e5llbarhetsarbete intensifierats. M\u00e5let \u00e4r att krav som st\u00e4lls externt redan ska vara testade internt innan de implementeras.\u00a0\u00a0<\/p>\n","protected":false},"author":7,"featured_media":390,"comment_status":"open","ping_status":"open","sticky":false,"template":"","format":"standard","meta":{"_monsterinsights_skip_tracking":false,"_monsterinsights_sitenote_active":false,"_monsterinsights_sitenote_note":"","_monsterinsights_sitenote_category":0,"footnotes":""},"categories":[4],"tags":[39,49],"class_list":["post-101","post","type-post","status-publish","format-standard","has-post-thumbnail","hentry","category-sv","tag-hallbarhet","tag-klimat"],"_links":{"self":[{"href":"https:\/\/fojo.se\/impact\/wp-json\/wp\/v2\/posts\/101","targetHints":{"allow":["GET"]}}],"collection":[{"href":"https:\/\/fojo.se\/impact\/wp-json\/wp\/v2\/posts"}],"about":[{"href":"https:\/\/fojo.se\/impact\/wp-json\/wp\/v2\/types\/post"}],"author":[{"embeddable":true,"href":"https:\/\/fojo.se\/impact\/wp-json\/wp\/v2\/users\/7"}],"replies":[{"embeddable":true,"href":"https:\/\/fojo.se\/impact\/wp-json\/wp\/v2\/comments?post=101"}],"version-history":[{"count":5,"href":"https:\/\/fojo.se\/impact\/wp-json\/wp\/v2\/posts\/101\/revisions"}],"predecessor-version":[{"id":393,"href":"https:\/\/fojo.se\/impact\/wp-json\/wp\/v2\/posts\/101\/revisions\/393"}],"wp:featuredmedia":[{"embeddable":true,"href":"https:\/\/fojo.se\/impact\/wp-json\/wp\/v2\/media\/390"}],"wp:attachment":[{"href":"https:\/\/fojo.se\/impact\/wp-json\/wp\/v2\/media?parent=101"}],"wp:term":[{"taxonomy":"category","embeddable":true,"href":"https:\/\/fojo.se\/impact\/wp-json\/wp\/v2\/categories?post=101"},{"taxonomy":"post_tag","embeddable":true,"href":"https:\/\/fojo.se\/impact\/wp-json\/wp\/v2\/tags?post=101"}],"curies":[{"name":"wp","href":"https:\/\/api.w.org\/{rel}","templated":true}]}}